{"id":239,"date":"2020-09-11T12:18:00","date_gmt":"2020-09-11T12:18:00","guid":{"rendered":"http:\/\/grupodeenlace.cescyl.es\/?p=239"},"modified":"2020-09-28T12:19:31","modified_gmt":"2020-09-28T12:19:31","slug":"adopcion-de-medidas-extraordinarias-de-apoyo-a-las-personas-y-familias-para-la-atencion-domiciliaria-de-menores-personas-dependientes-o-con-discapacidad-que-deban-guardar-confinamiento-domiciliario-a","status":"publish","type":"post","link":"https:\/\/grupodeenlace.cescyl.es\/?p=239","title":{"rendered":"Adopci\u00f3n de medidas extraordinarias de apoyo a las personas y familias para la atenci\u00f3n domiciliaria de menores, personas dependientes o con discapacidad que deban guardar confinamiento domiciliario a causa de la pandemia COVID 19"},"content":{"rendered":"\n<p>El presente decreto-ley tiene como objeto establecer, en el \u00e1mbito de los servicios sociales, medidas extraordinarias de car\u00e1cter urgente dirigidas a responder de forma coordinada e integral a la actual situaci\u00f3n de extraordinaria dificultad econ\u00f3mica y social por la que atraviesan las personas y familias en Castilla y Le\u00f3n, motivada por la crisis de salud p\u00fablica derivada de la pandemia COVID-19, que puede afectar al libre ejercicio de sus derechos constitucionales.<\/p>\n\n\n\n<ul class=\"wp-block-list\"><li><strong>BOCYL de 11 de septiembre de 2020<\/strong><\/li><li><strong>Decreto-Ley 9\/2020, de 10 de septiembre,<\/strong><\/li><\/ul>\n\n\n\n<p><a href=\"http:\/\/bocyl.jcyl.es\/html\/2020\/09\/11\/html\/BOCYL-D-11092020-1.do\">http:\/\/bocyl.jcyl.es\/html\/2020\/09\/11\/html\/BOCYL-D-11092020-1.do<\/a><\/p>\n","protected":false},"excerpt":{"rendered":"<p>El presente decreto-ley tiene como objeto establecer, en el \u00e1mbito de los servicios sociales, medidas extraordinarias de car\u00e1cter urgente dirigidas a responder de forma coordinada e integral a la actual situaci\u00f3n de extraordinaria dificultad econ\u00f3mica y social por la que atraviesan las personas y familias en Castilla y Le\u00f3n, motivada por la crisis de salud &hellip; <a href=\"https:\/\/grupodeenlace.cescyl.es\/?p=239\" class=\"more-link\">Continuar leyendo<span class=\"screen-reader-text\"> &#8220;Adopci\u00f3n de medidas extraordinarias de apoyo a las personas y familias para la atenci\u00f3n domiciliaria de menores, personas dependientes o con discapacidad que deban guardar confinamiento domiciliario a causa de la pandemia COVID 19&#8221;<\/span><\/a><\/p>\n","protected":false},"author":2,"featured_media":0,"comment_status":"open","ping_status":"open","sticky":false,"template":"","format":"standard","meta":{"_s2mail":"","footnotes":""},"categories":[2],"tags":[],"class_list":["post-239","post","type-post","status-publish","format-standard","hentry","category-normativa"],"_links":{"self":[{"href":"https:\/\/grupodeenlace.cescyl.es\/index.php?rest_route=\/wp\/v2\/posts\/239","targetHints":{"allow":["GET"]}}],"collection":[{"href":"https:\/\/grupodeenlace.cescyl.es\/index.php?rest_route=\/wp\/v2\/posts"}],"about":[{"href":"https:\/\/grupodeenlace.cescyl.es\/index.php?rest_route=\/wp\/v2\/types\/post"}],"author":[{"embeddable":true,"href":"https:\/\/grupodeenlace.cescyl.es\/index.php?rest_route=\/wp\/v2\/users\/2"}],"replies":[{"embeddable":true,"href":"https:\/\/grupodeenlace.cescyl.es\/index.php?rest_route=%2Fwp%2Fv2%2Fcomments&post=239"}],"version-history":[{"count":1,"href":"https:\/\/grupodeenlace.cescyl.es\/index.php?rest_route=\/wp\/v2\/posts\/239\/revisions"}],"predecessor-version":[{"id":240,"href":"https:\/\/grupodeenlace.cescyl.es\/index.php?rest_route=\/wp\/v2\/posts\/239\/revisions\/240"}],"wp:attachment":[{"href":"https:\/\/grupodeenlace.cescyl.es\/index.php?rest_route=%2Fwp%2Fv2%2Fmedia&parent=239"}],"wp:term":[{"taxonomy":"category","embeddable":true,"href":"https:\/\/grupodeenlace.cescyl.es\/index.php?rest_route=%2Fwp%2Fv2%2Fcategories&post=239"},{"taxonomy":"post_tag","embeddable":true,"href":"https:\/\/grupodeenlace.cescyl.es\/index.php?rest_route=%2Fwp%2Fv2%2Ftags&post=239"}],"curies":[{"name":"wp","href":"https:\/\/api.w.org\/{rel}","templated":true}]}}