{"id":2395,"date":"2024-09-25T12:54:32","date_gmt":"2024-09-25T10:54:32","guid":{"rendered":"https:\/\/grupodeenlace.cescyl.es\/?p=2395"},"modified":"2024-09-25T12:54:32","modified_gmt":"2024-09-25T10:54:32","slug":"accion-concertada-del-servicio-de-atencion-temprana-en-el-ambito-rural-de-la-comunidad-de-castilla-y-leon","status":"publish","type":"post","link":"https:\/\/grupodeenlace.cescyl.es\/?p=2395","title":{"rendered":"Acci\u00f3n concertada del Servicio de Atenci\u00f3n Temprana en el \u00e1mbito rural de la Comunidad de Castilla y Le\u00f3n."},"content":{"rendered":"\n<p><\/p>\n\n\n\n<p>Con fecha 25 de septiembre de 2024 se ha publicado en el BOCyL la Resoluci\u00f3n por la que se convoca la acci\u00f3n concertada del Servicio de Atenci\u00f3n Temprana en el \u00e1mbito rural de la Comunidad de Castilla y Le\u00f3n.<\/p>\n\n\n\n<p>El servicio objeto de la acci\u00f3n concertada tiene como finalidad llevar a cabo intervenciones dirigidas a la poblaci\u00f3n infantil menores de tres a\u00f1os (hasta seis a\u00f1os, si no est\u00e1n escolarizados) y a sus familias y entorno, ante factores de riesgo o alteraciones (posibles o detectadas) para el desarrollo del ni\u00f1o o la ni\u00f1a, con el fin de promover su autonom\u00eda personal y participaci\u00f3n social, as\u00ed como apoyar a las familias para construir una vida significativa conforme a sus proyectos de vida.<\/p>\n\n\n\n<ul class=\"wp-block-list\">\n<li><strong>Resoluci\u00f3n de 17 de septiembre de 2024<\/strong>, de la Presidenta del Consejo de Administraci\u00f3n de la Gerencia de Servicios Sociales de Castilla y Le\u00f3n<\/li>\n<\/ul>\n\n\n\n<p><a href=\"https:\/\/bocyl.jcyl.es\/html\/2024\/09\/25\/html\/BOCYL-D-25092024-18.do\">https:\/\/bocyl.jcyl.es\/html\/2024\/09\/25\/html\/BOCYL-D-25092024-18.do<\/a><\/p>\n","protected":false},"excerpt":{"rendered":"<p>Con fecha 25 de septiembre de 2024 se ha publicado en el BOCyL la Resoluci\u00f3n por la que se convoca la acci\u00f3n concertada del Servicio de Atenci\u00f3n Temprana en el \u00e1mbito rural de la Comunidad de Castilla y Le\u00f3n. El servicio objeto de la acci\u00f3n concertada tiene como finalidad llevar a cabo intervenciones dirigidas a &hellip; <a href=\"https:\/\/grupodeenlace.cescyl.es\/?p=2395\" class=\"more-link\">Continuar leyendo<span class=\"screen-reader-text\"> &#8220;Acci\u00f3n concertada del Servicio de Atenci\u00f3n Temprana en el \u00e1mbito rural de la Comunidad de Castilla y Le\u00f3n.&#8221;<\/span><\/a><\/p>\n","protected":false},"author":2,"featured_media":0,"comment_status":"closed","ping_status":"closed","sticky":false,"template":"","format":"standard","meta":{"_s2mail":"yes","footnotes":""},"categories":[2],"tags":[],"class_list":["post-2395","post","type-post","status-publish","format-standard","hentry","category-normativa"],"_links":{"self":[{"href":"https:\/\/grupodeenlace.cescyl.es\/index.php?rest_route=\/wp\/v2\/posts\/2395","targetHints":{"allow":["GET"]}}],"collection":[{"href":"https:\/\/grupodeenlace.cescyl.es\/index.php?rest_route=\/wp\/v2\/posts"}],"about":[{"href":"https:\/\/grupodeenlace.cescyl.es\/index.php?rest_route=\/wp\/v2\/types\/post"}],"author":[{"embeddable":true,"href":"https:\/\/grupodeenlace.cescyl.es\/index.php?rest_route=\/wp\/v2\/users\/2"}],"replies":[{"embeddable":true,"href":"https:\/\/grupodeenlace.cescyl.es\/index.php?rest_route=%2Fwp%2Fv2%2Fcomments&post=2395"}],"version-history":[{"count":1,"href":"https:\/\/grupodeenlace.cescyl.es\/index.php?rest_route=\/wp\/v2\/posts\/2395\/revisions"}],"predecessor-version":[{"id":2396,"href":"https:\/\/grupodeenlace.cescyl.es\/index.php?rest_route=\/wp\/v2\/posts\/2395\/revisions\/2396"}],"wp:attachment":[{"href":"https:\/\/grupodeenlace.cescyl.es\/index.php?rest_route=%2Fwp%2Fv2%2Fmedia&parent=2395"}],"wp:term":[{"taxonomy":"category","embeddable":true,"href":"https:\/\/grupodeenlace.cescyl.es\/index.php?rest_route=%2Fwp%2Fv2%2Fcategories&post=2395"},{"taxonomy":"post_tag","embeddable":true,"href":"https:\/\/grupodeenlace.cescyl.es\/index.php?rest_route=%2Fwp%2Fv2%2Ftags&post=2395"}],"curies":[{"name":"wp","href":"https:\/\/api.w.org\/{rel}","templated":true}]}}