{"id":2413,"date":"2024-10-30T18:43:01","date_gmt":"2024-10-30T16:43:01","guid":{"rendered":"https:\/\/grupodeenlace.cescyl.es\/?p=2413"},"modified":"2024-10-30T18:43:01","modified_gmt":"2024-10-30T16:43:01","slug":"leader-forte-vitamina-100-rural-para-el-impulso-de-campos-y-torozos","status":"publish","type":"post","link":"https:\/\/grupodeenlace.cescyl.es\/?p=2413","title":{"rendered":"LEADER forte, vitamina 100% rural para el impulso de \u2018Campos y Torozos\u2019"},"content":{"rendered":"\n<p><\/p>\n\n\n\n<p>Despu\u00e9s del \u00e9xito cosechado con \u2018Emprenderulina Complex\u2019, el Grupo de Acci\u00f3n Local \u2018Campos y Torozos\u2019 gestionado por la Asociaci\u00f3n Colectivo para el Desarrollo Rural de Tierra de Campos lanza \u2018LEADER forte\u2019, unas vitaminas cuyos componentes activos ayudan a fijar poblaci\u00f3n, producen importantes beneficios econ\u00f3micos, sociales, territoriales y contribuyen a mantener un medio rural vivo.<\/p>\n\n\n\n<p>\u2018LEADER forte\u2019 pertenece al grupo de complejos vitam\u00ednicos naturales para el fortalecimiento de la sostenibilidad, innovaci\u00f3n, inclusi\u00f3n y reto demogr\u00e1fico de las empresas y entidades de Tierra de Campos y Montes Torozos de Valladolid.<\/p>\n\n\n\n<ul class=\"wp-block-list\">\n<li><strong>Nota de prensa:<\/strong> <a href=\"https:\/\/www.somostierradecampos.com\/2024\/10\/30\/leader-forte-vitamina-100-rural-para-el-impulso-de-campos-y-torozos\/\">https:\/\/www.somostierradecampos.com\/2024\/10\/30\/leader-forte-vitamina-100-rural-para-el-impulso-de-campos-y-torozos\/<\/a><\/li>\n<\/ul>\n\n\n\n<figure class=\"wp-block-image size-full\"><img loading=\"lazy\" decoding=\"async\" width=\"885\" height=\"553\" src=\"https:\/\/grupodeenlace.cescyl.es\/wp-content\/uploads\/2024\/10\/image-1.png\" alt=\"\" class=\"wp-image-2414\" srcset=\"https:\/\/grupodeenlace.cescyl.es\/wp-content\/uploads\/2024\/10\/image-1.png 885w, https:\/\/grupodeenlace.cescyl.es\/wp-content\/uploads\/2024\/10\/image-1-300x187.png 300w, https:\/\/grupodeenlace.cescyl.es\/wp-content\/uploads\/2024\/10\/image-1-768x480.png 768w\" sizes=\"auto, (max-width: 709px) 85vw, (max-width: 909px) 67vw, (max-width: 1362px) 62vw, 840px\" \/><\/figure>\n","protected":false},"excerpt":{"rendered":"<p>Despu\u00e9s del \u00e9xito cosechado con \u2018Emprenderulina Complex\u2019, el Grupo de Acci\u00f3n Local \u2018Campos y Torozos\u2019 gestionado por la Asociaci\u00f3n Colectivo para el Desarrollo Rural de Tierra de Campos lanza \u2018LEADER forte\u2019, unas vitaminas cuyos componentes activos ayudan a fijar poblaci\u00f3n, producen importantes beneficios econ\u00f3micos, sociales, territoriales y contribuyen a mantener un medio rural vivo. \u2018LEADER &hellip; <a href=\"https:\/\/grupodeenlace.cescyl.es\/?p=2413\" class=\"more-link\">Continuar leyendo<span class=\"screen-reader-text\"> &#8220;LEADER forte, vitamina 100% rural para el impulso de \u2018Campos y Torozos\u2019&#8221;<\/span><\/a><\/p>\n","protected":false},"author":2,"featured_media":0,"comment_status":"closed","ping_status":"closed","sticky":false,"template":"","format":"standard","meta":{"_s2mail":"yes","footnotes":""},"categories":[10],"tags":[],"class_list":["post-2413","post","type-post","status-publish","format-standard","hentry","category-noticias-de-los-miembros-del-grupo"],"_links":{"self":[{"href":"https:\/\/grupodeenlace.cescyl.es\/index.php?rest_route=\/wp\/v2\/posts\/2413","targetHints":{"allow":["GET"]}}],"collection":[{"href":"https:\/\/grupodeenlace.cescyl.es\/index.php?rest_route=\/wp\/v2\/posts"}],"about":[{"href":"https:\/\/grupodeenlace.cescyl.es\/index.php?rest_route=\/wp\/v2\/types\/post"}],"author":[{"embeddable":true,"href":"https:\/\/grupodeenlace.cescyl.es\/index.php?rest_route=\/wp\/v2\/users\/2"}],"replies":[{"embeddable":true,"href":"https:\/\/grupodeenlace.cescyl.es\/index.php?rest_route=%2Fwp%2Fv2%2Fcomments&post=2413"}],"version-history":[{"count":1,"href":"https:\/\/grupodeenlace.cescyl.es\/index.php?rest_route=\/wp\/v2\/posts\/2413\/revisions"}],"predecessor-version":[{"id":2415,"href":"https:\/\/grupodeenlace.cescyl.es\/index.php?rest_route=\/wp\/v2\/posts\/2413\/revisions\/2415"}],"wp:attachment":[{"href":"https:\/\/grupodeenlace.cescyl.es\/index.php?rest_route=%2Fwp%2Fv2%2Fmedia&parent=2413"}],"wp:term":[{"taxonomy":"category","embeddable":true,"href":"https:\/\/grupodeenlace.cescyl.es\/index.php?rest_route=%2Fwp%2Fv2%2Fcategories&post=2413"},{"taxonomy":"post_tag","embeddable":true,"href":"https:\/\/grupodeenlace.cescyl.es\/index.php?rest_route=%2Fwp%2Fv2%2Ftags&post=2413"}],"curies":[{"name":"wp","href":"https:\/\/api.w.org\/{rel}","templated":true}]}}