{"id":2417,"date":"2024-10-31T14:16:35","date_gmt":"2024-10-31T12:16:35","guid":{"rendered":"https:\/\/grupodeenlace.cescyl.es\/?p=2417"},"modified":"2024-10-31T14:16:35","modified_gmt":"2024-10-31T12:16:35","slug":"ley-que-mejorara-la-calidad-de-vida-de-personas-con-esclerosis-lateral-amiotrofica","status":"publish","type":"post","link":"https:\/\/grupodeenlace.cescyl.es\/?p=2417","title":{"rendered":"Ley que mejorar\u00e1 la calidad de vida de personas con Esclerosis Lateral Amiotr\u00f3fica"},"content":{"rendered":"\n<p>El Bolet\u00edn Oficial del Estado de 31 de octubre de 2024 ha publicado la Ley que mejorar\u00e1 la calidad de vida de personas con Esclerosis Lateral Amiotr\u00f3fica y otras enfermedades o procesos de alta complejidad y curso irreversible que entrar\u00e1 en vigor el 1 de noviembre.<\/p>\n\n\n\n<p>La Ley fue aprobada el pasado 23 de octubre de 2024 en el Senado, tras haber logrado tambi\u00e9n su aprobaci\u00f3n un\u00e1nime en el Congreso, el 10 de octubre de 2024.<\/p>\n\n\n\n<p>El objeto de la ley es establecer un marco jur\u00eddico que refleje el compromiso de la sociedad y, en particular, de las administraciones p\u00fablicas competentes, de asegurar un trato digno, respetuoso y adecuado para las personas incluidas en su \u00e1mbito de aplicaci\u00f3n, as\u00ed como sus familias, teniendo en cuenta, particularmente, los reducidos rangos temporales de supervivencia en el caso de la ELA y otras enfermedades similares.<\/p>\n\n\n\n<ul class=\"wp-block-list\">\n<li>Ley 3\/2024, de 30 de octubre<\/li>\n<\/ul>\n\n\n\n<p><a href=\"https:\/\/boe.es\/diario_boe\/txt.php?id=BOE-A-2024-22438\">https:\/\/boe.es\/diario_boe\/txt.php?id=BOE-A-2024-22438<\/a><\/p>\n","protected":false},"excerpt":{"rendered":"<p>El Bolet\u00edn Oficial del Estado de 31 de octubre de 2024 ha publicado la Ley que mejorar\u00e1 la calidad de vida de personas con Esclerosis Lateral Amiotr\u00f3fica y otras enfermedades o procesos de alta complejidad y curso irreversible que entrar\u00e1 en vigor el 1 de noviembre. La Ley fue aprobada el pasado 23 de octubre &hellip; <a href=\"https:\/\/grupodeenlace.cescyl.es\/?p=2417\" class=\"more-link\">Continuar leyendo<span class=\"screen-reader-text\"> &#8220;Ley que mejorar\u00e1 la calidad de vida de personas con Esclerosis Lateral Amiotr\u00f3fica&#8221;<\/span><\/a><\/p>\n","protected":false},"author":2,"featured_media":0,"comment_status":"closed","ping_status":"closed","sticky":false,"template":"","format":"standard","meta":{"_s2mail":"yes","footnotes":""},"categories":[2],"tags":[],"class_list":["post-2417","post","type-post","status-publish","format-standard","hentry","category-normativa"],"_links":{"self":[{"href":"https:\/\/grupodeenlace.cescyl.es\/index.php?rest_route=\/wp\/v2\/posts\/2417","targetHints":{"allow":["GET"]}}],"collection":[{"href":"https:\/\/grupodeenlace.cescyl.es\/index.php?rest_route=\/wp\/v2\/posts"}],"about":[{"href":"https:\/\/grupodeenlace.cescyl.es\/index.php?rest_route=\/wp\/v2\/types\/post"}],"author":[{"embeddable":true,"href":"https:\/\/grupodeenlace.cescyl.es\/index.php?rest_route=\/wp\/v2\/users\/2"}],"replies":[{"embeddable":true,"href":"https:\/\/grupodeenlace.cescyl.es\/index.php?rest_route=%2Fwp%2Fv2%2Fcomments&post=2417"}],"version-history":[{"count":1,"href":"https:\/\/grupodeenlace.cescyl.es\/index.php?rest_route=\/wp\/v2\/posts\/2417\/revisions"}],"predecessor-version":[{"id":2418,"href":"https:\/\/grupodeenlace.cescyl.es\/index.php?rest_route=\/wp\/v2\/posts\/2417\/revisions\/2418"}],"wp:attachment":[{"href":"https:\/\/grupodeenlace.cescyl.es\/index.php?rest_route=%2Fwp%2Fv2%2Fmedia&parent=2417"}],"wp:term":[{"taxonomy":"category","embeddable":true,"href":"https:\/\/grupodeenlace.cescyl.es\/index.php?rest_route=%2Fwp%2Fv2%2Fcategories&post=2417"},{"taxonomy":"post_tag","embeddable":true,"href":"https:\/\/grupodeenlace.cescyl.es\/index.php?rest_route=%2Fwp%2Fv2%2Ftags&post=2417"}],"curies":[{"name":"wp","href":"https:\/\/api.w.org\/{rel}","templated":true}]}}