{"id":2430,"date":"2024-11-12T14:43:04","date_gmt":"2024-11-12T12:43:04","guid":{"rendered":"https:\/\/grupodeenlace.cescyl.es\/?p=2430"},"modified":"2024-11-12T14:43:36","modified_gmt":"2024-11-12T12:43:36","slug":"ayuda-a-afectados-por-las-inundaciones-de-la-dana-cruz-roja","status":"publish","type":"post","link":"https:\/\/grupodeenlace.cescyl.es\/?p=2430","title":{"rendered":"Ayuda a afectados por las inundaciones de la DANA (Cruz Roja)"},"content":{"rendered":"\n<p><\/p>\n\n\n\n<p>Colabora con Cruz Roja en la Emergencia provocada por las inundaciones causadas por la DANA.<\/p>\n\n\n\n<ul class=\"wp-block-list\">\n<li>Tel\u00e9fono: 900 104 971<\/li>\n\n\n\n<li>Bizum al 33512<\/li>\n\n\n\n<li>SMS con la palabra AYUDA al 38092<\/li>\n<\/ul>\n\n\n\n<p>Los datos sobre la respuesta de Cruz Roja ante esta emergencia est\u00e1 disponibles en este <a href=\"https:\/\/app.powerbi.com\/view?r=eyJrIjoiOTRkMTJlMjItZDU5OC00ZGQzLThkYjYtNGQ2ZjZkNmQyMGZkIiwidCI6Ijc1OTEwOGY5LWNkYjMtNGIwNC1iOTc2LTNlOWIzZDlhZDBiZSIsImMiOjh9\">ENLACE<\/a>.<\/p>\n\n\n\n<p>M\u00e1s informaci\u00f3n: <a href=\"https:\/\/www2.cruzroja.es\/colabora\">https:\/\/www2.cruzroja.es\/colabora<\/a><\/p>\n\n\n\n<p><\/p>\n\n\n\n<figure class=\"wp-block-image size-full\"><img loading=\"lazy\" decoding=\"async\" width=\"886\" height=\"299\" src=\"https:\/\/grupodeenlace.cescyl.es\/wp-content\/uploads\/2024\/11\/image-3.png\" alt=\"\" class=\"wp-image-2431\" srcset=\"https:\/\/grupodeenlace.cescyl.es\/wp-content\/uploads\/2024\/11\/image-3.png 886w, https:\/\/grupodeenlace.cescyl.es\/wp-content\/uploads\/2024\/11\/image-3-300x101.png 300w, https:\/\/grupodeenlace.cescyl.es\/wp-content\/uploads\/2024\/11\/image-3-768x259.png 768w\" sizes=\"auto, (max-width: 709px) 85vw, (max-width: 909px) 67vw, (max-width: 1362px) 62vw, 840px\" \/><\/figure>\n\n\n\n<p><\/p>\n","protected":false},"excerpt":{"rendered":"<p>Colabora con Cruz Roja en la Emergencia provocada por las inundaciones causadas por la DANA. Los datos sobre la respuesta de Cruz Roja ante esta emergencia est\u00e1 disponibles en este ENLACE. M\u00e1s informaci\u00f3n: https:\/\/www2.cruzroja.es\/colabora<\/p>\n","protected":false},"author":2,"featured_media":0,"comment_status":"closed","ping_status":"closed","sticky":false,"template":"","format":"standard","meta":{"_s2mail":"yes","footnotes":""},"categories":[10],"tags":[],"class_list":["post-2430","post","type-post","status-publish","format-standard","hentry","category-noticias-de-los-miembros-del-grupo"],"_links":{"self":[{"href":"https:\/\/grupodeenlace.cescyl.es\/index.php?rest_route=\/wp\/v2\/posts\/2430","targetHints":{"allow":["GET"]}}],"collection":[{"href":"https:\/\/grupodeenlace.cescyl.es\/index.php?rest_route=\/wp\/v2\/posts"}],"about":[{"href":"https:\/\/grupodeenlace.cescyl.es\/index.php?rest_route=\/wp\/v2\/types\/post"}],"author":[{"embeddable":true,"href":"https:\/\/grupodeenlace.cescyl.es\/index.php?rest_route=\/wp\/v2\/users\/2"}],"replies":[{"embeddable":true,"href":"https:\/\/grupodeenlace.cescyl.es\/index.php?rest_route=%2Fwp%2Fv2%2Fcomments&post=2430"}],"version-history":[{"count":1,"href":"https:\/\/grupodeenlace.cescyl.es\/index.php?rest_route=\/wp\/v2\/posts\/2430\/revisions"}],"predecessor-version":[{"id":2432,"href":"https:\/\/grupodeenlace.cescyl.es\/index.php?rest_route=\/wp\/v2\/posts\/2430\/revisions\/2432"}],"wp:attachment":[{"href":"https:\/\/grupodeenlace.cescyl.es\/index.php?rest_route=%2Fwp%2Fv2%2Fmedia&parent=2430"}],"wp:term":[{"taxonomy":"category","embeddable":true,"href":"https:\/\/grupodeenlace.cescyl.es\/index.php?rest_route=%2Fwp%2Fv2%2Fcategories&post=2430"},{"taxonomy":"post_tag","embeddable":true,"href":"https:\/\/grupodeenlace.cescyl.es\/index.php?rest_route=%2Fwp%2Fv2%2Ftags&post=2430"}],"curies":[{"name":"wp","href":"https:\/\/api.w.org\/{rel}","templated":true}]}}