{"id":2433,"date":"2024-11-12T14:43:24","date_gmt":"2024-11-12T12:43:24","guid":{"rendered":"https:\/\/grupodeenlace.cescyl.es\/?p=2433"},"modified":"2024-11-12T14:43:24","modified_gmt":"2024-11-12T12:43:24","slug":"las-familias-afectadas-por-la-dana-lo-necesitan-caritas","status":"publish","type":"post","link":"https:\/\/grupodeenlace.cescyl.es\/?p=2433","title":{"rendered":"Las familias afectadas por la DANA lo necesitan (C\u00e1ritas)"},"content":{"rendered":"\n<p><\/p>\n\n\n\n<p>Colabora C\u00e1ritas en la Emergencia provocada por las inundaciones causadas por la DANA.<\/p>\n\n\n\n<ul class=\"wp-block-list\">\n<li>Caixabank ES7821005731790200511750<\/li>\n\n\n\n<li>Santander ES4500491892642110553738<\/li>\n\n\n\n<li>Sabadell ES5400810216700002187226<\/li>\n\n\n\n<li>BIZUM 00089<\/li>\n<\/ul>\n\n\n\n<p>M\u00e1s informaci\u00f3n: <a href=\"https:\/\/www.caritas.es\/emergencias\/graves-inundaciones\/\">https:\/\/www.caritas.es\/emergencias\/graves-inundaciones\/<\/a><\/p>\n\n\n\n<p><\/p>\n\n\n\n<figure class=\"wp-block-image size-full\"><img loading=\"lazy\" decoding=\"async\" width=\"886\" height=\"243\" src=\"https:\/\/grupodeenlace.cescyl.es\/wp-content\/uploads\/2024\/11\/image-4.png\" alt=\"\" class=\"wp-image-2434\" srcset=\"https:\/\/grupodeenlace.cescyl.es\/wp-content\/uploads\/2024\/11\/image-4.png 886w, https:\/\/grupodeenlace.cescyl.es\/wp-content\/uploads\/2024\/11\/image-4-300x82.png 300w, https:\/\/grupodeenlace.cescyl.es\/wp-content\/uploads\/2024\/11\/image-4-768x211.png 768w\" sizes=\"auto, (max-width: 709px) 85vw, (max-width: 909px) 67vw, (max-width: 1362px) 62vw, 840px\" \/><\/figure>\n","protected":false},"excerpt":{"rendered":"<p>Colabora C\u00e1ritas en la Emergencia provocada por las inundaciones causadas por la DANA. M\u00e1s informaci\u00f3n: https:\/\/www.caritas.es\/emergencias\/graves-inundaciones\/<\/p>\n","protected":false},"author":2,"featured_media":0,"comment_status":"closed","ping_status":"closed","sticky":false,"template":"","format":"standard","meta":{"_s2mail":"yes","footnotes":""},"categories":[10],"tags":[],"class_list":["post-2433","post","type-post","status-publish","format-standard","hentry","category-noticias-de-los-miembros-del-grupo"],"_links":{"self":[{"href":"https:\/\/grupodeenlace.cescyl.es\/index.php?rest_route=\/wp\/v2\/posts\/2433","targetHints":{"allow":["GET"]}}],"collection":[{"href":"https:\/\/grupodeenlace.cescyl.es\/index.php?rest_route=\/wp\/v2\/posts"}],"about":[{"href":"https:\/\/grupodeenlace.cescyl.es\/index.php?rest_route=\/wp\/v2\/types\/post"}],"author":[{"embeddable":true,"href":"https:\/\/grupodeenlace.cescyl.es\/index.php?rest_route=\/wp\/v2\/users\/2"}],"replies":[{"embeddable":true,"href":"https:\/\/grupodeenlace.cescyl.es\/index.php?rest_route=%2Fwp%2Fv2%2Fcomments&post=2433"}],"version-history":[{"count":1,"href":"https:\/\/grupodeenlace.cescyl.es\/index.php?rest_route=\/wp\/v2\/posts\/2433\/revisions"}],"predecessor-version":[{"id":2435,"href":"https:\/\/grupodeenlace.cescyl.es\/index.php?rest_route=\/wp\/v2\/posts\/2433\/revisions\/2435"}],"wp:attachment":[{"href":"https:\/\/grupodeenlace.cescyl.es\/index.php?rest_route=%2Fwp%2Fv2%2Fmedia&parent=2433"}],"wp:term":[{"taxonomy":"category","embeddable":true,"href":"https:\/\/grupodeenlace.cescyl.es\/index.php?rest_route=%2Fwp%2Fv2%2Fcategories&post=2433"},{"taxonomy":"post_tag","embeddable":true,"href":"https:\/\/grupodeenlace.cescyl.es\/index.php?rest_route=%2Fwp%2Fv2%2Ftags&post=2433"}],"curies":[{"name":"wp","href":"https:\/\/api.w.org\/{rel}","templated":true}]}}