{"id":2437,"date":"2024-11-15T12:04:18","date_gmt":"2024-11-15T10:04:18","guid":{"rendered":"https:\/\/grupodeenlace.cescyl.es\/?p=2437"},"modified":"2024-11-15T12:04:18","modified_gmt":"2024-11-15T10:04:18","slug":"iii-certamen-literario-de-participacion-social-de-castilla-y-leon","status":"publish","type":"post","link":"https:\/\/grupodeenlace.cescyl.es\/?p=2437","title":{"rendered":"III Certamen Literario de Participaci\u00f3n Social de Castilla y Le\u00f3n"},"content":{"rendered":"\n<p><\/p>\n\n\n\n<p>El Norte de Castilla y el Consejo Econ\u00f3mico y Social de Castilla y Le\u00f3n han organizado el III Certamen Literario de Participaci\u00f3n Social, con dos categor\u00edas:<\/p>\n\n\n\n<ul class=\"wp-block-list\">\n<li>Categor\u00eda libre (abierta a todos los ciudadanos de Castilla y Le\u00f3n)<\/li>\n\n\n\n<li>Bachillerato y FP (destinada a alumnos y alumnas de Bachillerato y Formaci\u00f3n Profesional de todos los centros de la Comunidad)<\/li>\n<\/ul>\n\n\n\n<p>La tem\u00e1tica ser\u00e1 de libre elecci\u00f3n, dentro del asunto general de la promoci\u00f3n de los valores de participaci\u00f3n social como pilar fundamental del estado de derecho y la convivencia democr\u00e1tica, y el jurado tendr\u00e1 en cuenta no s\u00f3lo la adecuaci\u00f3n del libro al tema sino tambi\u00e9n la calidad literaria de los trabajos.<\/p>\n\n\n\n<p>El plazo de admisi\u00f3n permanecer\u00e1 abierto hasta el 26 de noviembre de 2024.<\/p>\n\n\n\n<p><strong>Puede consultar las bases del concurso a trav\u00e9s del siguiente enlace<\/strong>:&nbsp;&nbsp; <a href=\"https:\/\/acortar.link\/jCA4eg\">https:\/\/acortar.link\/jCA4eg<\/a><\/p>\n\n\n\n<p><\/p>\n\n\n\n<figure class=\"wp-block-image size-full\"><img loading=\"lazy\" decoding=\"async\" width=\"886\" height=\"353\" src=\"https:\/\/grupodeenlace.cescyl.es\/wp-content\/uploads\/2024\/11\/image-5.png\" alt=\"\" class=\"wp-image-2438\" srcset=\"https:\/\/grupodeenlace.cescyl.es\/wp-content\/uploads\/2024\/11\/image-5.png 886w, https:\/\/grupodeenlace.cescyl.es\/wp-content\/uploads\/2024\/11\/image-5-300x120.png 300w, https:\/\/grupodeenlace.cescyl.es\/wp-content\/uploads\/2024\/11\/image-5-768x306.png 768w\" sizes=\"auto, (max-width: 709px) 85vw, (max-width: 909px) 67vw, (max-width: 1362px) 62vw, 840px\" \/><\/figure>\n\n\n\n<p><\/p>\n","protected":false},"excerpt":{"rendered":"<p>El Norte de Castilla y el Consejo Econ\u00f3mico y Social de Castilla y Le\u00f3n han organizado el III Certamen Literario de Participaci\u00f3n Social, con dos categor\u00edas: La tem\u00e1tica ser\u00e1 de libre elecci\u00f3n, dentro del asunto general de la promoci\u00f3n de los valores de participaci\u00f3n social como pilar fundamental del estado de derecho y la convivencia &hellip; <a href=\"https:\/\/grupodeenlace.cescyl.es\/?p=2437\" class=\"more-link\">Continuar leyendo<span class=\"screen-reader-text\"> &#8220;III Certamen Literario de Participaci\u00f3n Social de Castilla y Le\u00f3n&#8221;<\/span><\/a><\/p>\n","protected":false},"author":2,"featured_media":0,"comment_status":"closed","ping_status":"closed","sticky":false,"template":"","format":"standard","meta":{"_s2mail":"","footnotes":""},"categories":[3],"tags":[],"class_list":["post-2437","post","type-post","status-publish","format-standard","hentry","category-informacion-y-publicaciones-ces"],"_links":{"self":[{"href":"https:\/\/grupodeenlace.cescyl.es\/index.php?rest_route=\/wp\/v2\/posts\/2437","targetHints":{"allow":["GET"]}}],"collection":[{"href":"https:\/\/grupodeenlace.cescyl.es\/index.php?rest_route=\/wp\/v2\/posts"}],"about":[{"href":"https:\/\/grupodeenlace.cescyl.es\/index.php?rest_route=\/wp\/v2\/types\/post"}],"author":[{"embeddable":true,"href":"https:\/\/grupodeenlace.cescyl.es\/index.php?rest_route=\/wp\/v2\/users\/2"}],"replies":[{"embeddable":true,"href":"https:\/\/grupodeenlace.cescyl.es\/index.php?rest_route=%2Fwp%2Fv2%2Fcomments&post=2437"}],"version-history":[{"count":1,"href":"https:\/\/grupodeenlace.cescyl.es\/index.php?rest_route=\/wp\/v2\/posts\/2437\/revisions"}],"predecessor-version":[{"id":2439,"href":"https:\/\/grupodeenlace.cescyl.es\/index.php?rest_route=\/wp\/v2\/posts\/2437\/revisions\/2439"}],"wp:attachment":[{"href":"https:\/\/grupodeenlace.cescyl.es\/index.php?rest_route=%2Fwp%2Fv2%2Fmedia&parent=2437"}],"wp:term":[{"taxonomy":"category","embeddable":true,"href":"https:\/\/grupodeenlace.cescyl.es\/index.php?rest_route=%2Fwp%2Fv2%2Fcategories&post=2437"},{"taxonomy":"post_tag","embeddable":true,"href":"https:\/\/grupodeenlace.cescyl.es\/index.php?rest_route=%2Fwp%2Fv2%2Ftags&post=2437"}],"curies":[{"name":"wp","href":"https:\/\/api.w.org\/{rel}","templated":true}]}}