{"id":2441,"date":"2024-11-18T11:28:53","date_gmt":"2024-11-18T09:28:53","guid":{"rendered":"https:\/\/grupodeenlace.cescyl.es\/?p=2441"},"modified":"2024-11-18T11:29:11","modified_gmt":"2024-11-18T09:29:11","slug":"plan-estrategico-de-igualdad-de-oportunidades-para-las-personas-con-discapacidad-2024-2027","status":"publish","type":"post","link":"https:\/\/grupodeenlace.cescyl.es\/?p=2441","title":{"rendered":"Plan Estrat\u00e9gico de Igualdad de Oportunidades para las Personas con Discapacidad 2024-2027"},"content":{"rendered":"\n<p><\/p>\n\n\n\n<p>El BOCYL &nbsp;de 18 de noviembre de 2024 ha publicado el Acuerdo 107\/2024, de 14 de noviembre, de la Junta de Castilla y Le\u00f3n, por el que se aprueba el Plan Estrat\u00e9gico de Igualdad de Oportunidades para las Personas con Discapacidad 2024-2027.<\/p>\n\n\n\n<p>Se trata de un Plan que establece de manera transversal, a trav\u00e9s de sus diez ejes estrat\u00e9gicos todos los apoyos, recursos, herramientas y programas para estas personas, con el objetivo no s\u00f3lo de que se sientan permanentemente protegidos, sino para, adem\u00e1s, fomentar su autonom\u00eda y colocarlas en el centro de la toma de decisiones.<\/p>\n\n\n\n<ul class=\"wp-block-list\">\n<li><strong>Acuerdo 107\/2024, de 14 de noviembre, de la Junta de Castilla y Le\u00f3n<\/strong><\/li>\n<\/ul>\n\n\n\n<p><a href=\"https:\/\/bocyl.jcyl.es\/boletines\/2024\/11\/18\/pdf\/BOCYL-D-18112024-25.pdf\">https:\/\/bocyl.jcyl.es\/boletines\/2024\/11\/18\/pdf\/BOCYL-D-18112024-25.pdf<\/a><\/p>\n","protected":false},"excerpt":{"rendered":"<p>El BOCYL &nbsp;de 18 de noviembre de 2024 ha publicado el Acuerdo 107\/2024, de 14 de noviembre, de la Junta de Castilla y Le\u00f3n, por el que se aprueba el Plan Estrat\u00e9gico de Igualdad de Oportunidades para las Personas con Discapacidad 2024-2027. Se trata de un Plan que establece de manera transversal, a trav\u00e9s de &hellip; <a href=\"https:\/\/grupodeenlace.cescyl.es\/?p=2441\" class=\"more-link\">Continuar leyendo<span class=\"screen-reader-text\"> &#8220;Plan Estrat\u00e9gico de Igualdad de Oportunidades para las Personas con Discapacidad 2024-2027&#8221;<\/span><\/a><\/p>\n","protected":false},"author":2,"featured_media":0,"comment_status":"closed","ping_status":"closed","sticky":false,"template":"","format":"standard","meta":{"_s2mail":"","footnotes":""},"categories":[2],"tags":[],"class_list":["post-2441","post","type-post","status-publish","format-standard","hentry","category-normativa"],"_links":{"self":[{"href":"https:\/\/grupodeenlace.cescyl.es\/index.php?rest_route=\/wp\/v2\/posts\/2441","targetHints":{"allow":["GET"]}}],"collection":[{"href":"https:\/\/grupodeenlace.cescyl.es\/index.php?rest_route=\/wp\/v2\/posts"}],"about":[{"href":"https:\/\/grupodeenlace.cescyl.es\/index.php?rest_route=\/wp\/v2\/types\/post"}],"author":[{"embeddable":true,"href":"https:\/\/grupodeenlace.cescyl.es\/index.php?rest_route=\/wp\/v2\/users\/2"}],"replies":[{"embeddable":true,"href":"https:\/\/grupodeenlace.cescyl.es\/index.php?rest_route=%2Fwp%2Fv2%2Fcomments&post=2441"}],"version-history":[{"count":1,"href":"https:\/\/grupodeenlace.cescyl.es\/index.php?rest_route=\/wp\/v2\/posts\/2441\/revisions"}],"predecessor-version":[{"id":2442,"href":"https:\/\/grupodeenlace.cescyl.es\/index.php?rest_route=\/wp\/v2\/posts\/2441\/revisions\/2442"}],"wp:attachment":[{"href":"https:\/\/grupodeenlace.cescyl.es\/index.php?rest_route=%2Fwp%2Fv2%2Fmedia&parent=2441"}],"wp:term":[{"taxonomy":"category","embeddable":true,"href":"https:\/\/grupodeenlace.cescyl.es\/index.php?rest_route=%2Fwp%2Fv2%2Fcategories&post=2441"},{"taxonomy":"post_tag","embeddable":true,"href":"https:\/\/grupodeenlace.cescyl.es\/index.php?rest_route=%2Fwp%2Fv2%2Ftags&post=2441"}],"curies":[{"name":"wp","href":"https:\/\/api.w.org\/{rel}","templated":true}]}}