{"id":248,"date":"2020-09-28T12:30:38","date_gmt":"2020-09-28T12:30:38","guid":{"rendered":"http:\/\/grupodeenlace.cescyl.es\/?p=248"},"modified":"2020-09-28T12:36:30","modified_gmt":"2020-09-28T12:36:30","slug":"education-at-a-glance-2020-ocde","status":"publish","type":"post","link":"https:\/\/grupodeenlace.cescyl.es\/?p=248","title":{"rendered":"Education at a Glance 2020 (OCDE)"},"content":{"rendered":"\n<p>El informe espa\u00f1ol de la publicaci\u00f3n de la OCDE Panorama de la educaci\u00f3n (<em>Education at a Glance<\/em>, en ingl\u00e9s) es un resumen de los indicadores internacionales que proporciona dicha instituci\u00f3n y reproduce los datos m\u00e1s destacados de Espa\u00f1a en relaci\u00f3n a los pa\u00edses miembros y comunitarios. El informe constituye una fuente de informaci\u00f3n sobre los resultados de los centros educativos; el impacto del aprendizaje en distintos pa\u00edses; el gasto en educaci\u00f3n, acceso a la educaci\u00f3n y escolarizaci\u00f3n; y el entorno de aprendizaje y organizaci\u00f3n de los centros educativos.<\/p>\n\n\n\n<ul class=\"wp-block-list\"><li>Informe espa\u00f1ol:<\/li><\/ul>\n\n\n\n<p><a href=\"https:\/\/www.educacionyfp.gob.es\/inee\/indicadores\/indicadores-internacionales\/ocde.html\">https:\/\/www.educacionyfp.gob.es\/inee\/indicadores\/indicadores-internacionales\/ocde.html<\/a><\/p>\n\n\n\n<ul class=\"wp-block-list\"><li>Informe mundial:<\/li><\/ul>\n\n\n\n<p><a href=\"https:\/\/www.oecd-ilibrary.org\/education\/education-at-a-glance-2020_69096873-en\">https:\/\/www.oecd-ilibrary.org\/education\/education-at-a-glance-2020_69096873-en<\/a><\/p>\n\n\n\n<div class=\"wp-block-image\"><figure class=\"alignleft size-large is-resized\"><img loading=\"lazy\" decoding=\"async\" src=\"https:\/\/grupodeenlace.cescyl.es\/wp-content\/uploads\/2020\/09\/image-10.png\" alt=\"\" class=\"wp-image-250\" width=\"288\" height=\"407\" srcset=\"https:\/\/grupodeenlace.cescyl.es\/wp-content\/uploads\/2020\/09\/image-10.png 313w, https:\/\/grupodeenlace.cescyl.es\/wp-content\/uploads\/2020\/09\/image-10-212x300.png 212w\" sizes=\"auto, (max-width: 288px) 85vw, 288px\" \/><\/figure><\/div>\n\n\n\n<figure class=\"wp-block-image size-large is-resized\"><img loading=\"lazy\" decoding=\"async\" src=\"https:\/\/grupodeenlace.cescyl.es\/wp-content\/uploads\/2020\/09\/image-11.png\" alt=\"\" class=\"wp-image-251\" width=\"306\" height=\"406\" srcset=\"https:\/\/grupodeenlace.cescyl.es\/wp-content\/uploads\/2020\/09\/image-11.png 342w, https:\/\/grupodeenlace.cescyl.es\/wp-content\/uploads\/2020\/09\/image-11-225x300.png 225w\" sizes=\"auto, (max-width: 306px) 85vw, 306px\" \/><\/figure>\n","protected":false},"excerpt":{"rendered":"<p>El informe espa\u00f1ol de la publicaci\u00f3n de la OCDE Panorama de la educaci\u00f3n (Education at a Glance, en ingl\u00e9s) es un resumen de los indicadores internacionales que proporciona dicha instituci\u00f3n y reproduce los datos m\u00e1s destacados de Espa\u00f1a en relaci\u00f3n a los pa\u00edses miembros y comunitarios. El informe constituye una fuente de informaci\u00f3n sobre los &hellip; <a href=\"https:\/\/grupodeenlace.cescyl.es\/?p=248\" class=\"more-link\">Continuar leyendo<span class=\"screen-reader-text\"> &#8220;Education at a Glance 2020 (OCDE)&#8221;<\/span><\/a><\/p>\n","protected":false},"author":2,"featured_media":0,"comment_status":"open","ping_status":"open","sticky":false,"template":"","format":"standard","meta":{"_s2mail":"","footnotes":""},"categories":[4],"tags":[],"class_list":["post-248","post","type-post","status-publish","format-standard","hentry","category-informes-y-documentos"],"_links":{"self":[{"href":"https:\/\/grupodeenlace.cescyl.es\/index.php?rest_route=\/wp\/v2\/posts\/248","targetHints":{"allow":["GET"]}}],"collection":[{"href":"https:\/\/grupodeenlace.cescyl.es\/index.php?rest_route=\/wp\/v2\/posts"}],"about":[{"href":"https:\/\/grupodeenlace.cescyl.es\/index.php?rest_route=\/wp\/v2\/types\/post"}],"author":[{"embeddable":true,"href":"https:\/\/grupodeenlace.cescyl.es\/index.php?rest_route=\/wp\/v2\/users\/2"}],"replies":[{"embeddable":true,"href":"https:\/\/grupodeenlace.cescyl.es\/index.php?rest_route=%2Fwp%2Fv2%2Fcomments&post=248"}],"version-history":[{"count":2,"href":"https:\/\/grupodeenlace.cescyl.es\/index.php?rest_route=\/wp\/v2\/posts\/248\/revisions"}],"predecessor-version":[{"id":253,"href":"https:\/\/grupodeenlace.cescyl.es\/index.php?rest_route=\/wp\/v2\/posts\/248\/revisions\/253"}],"wp:attachment":[{"href":"https:\/\/grupodeenlace.cescyl.es\/index.php?rest_route=%2Fwp%2Fv2%2Fmedia&parent=248"}],"wp:term":[{"taxonomy":"category","embeddable":true,"href":"https:\/\/grupodeenlace.cescyl.es\/index.php?rest_route=%2Fwp%2Fv2%2Fcategories&post=248"},{"taxonomy":"post_tag","embeddable":true,"href":"https:\/\/grupodeenlace.cescyl.es\/index.php?rest_route=%2Fwp%2Fv2%2Ftags&post=248"}],"curies":[{"name":"wp","href":"https:\/\/api.w.org\/{rel}","templated":true}]}}