{"id":2657,"date":"2025-07-14T14:07:25","date_gmt":"2025-07-14T12:07:25","guid":{"rendered":"https:\/\/grupodeenlace.cescyl.es\/?p=2657"},"modified":"2025-07-14T14:07:25","modified_gmt":"2025-07-14T12:07:25","slug":"boletin-abro-hilo-de-junio-de-2025-de-eapn-castilla-y-leon","status":"publish","type":"post","link":"https:\/\/grupodeenlace.cescyl.es\/?p=2657","title":{"rendered":"Bolet\u00edn \u201cAbro hilo\u2026\u201d de junio de 2025 de EAPN Castilla y Le\u00f3n"},"content":{"rendered":"\n<p><\/p>\n\n\n\n<p>EAPN Castilla y Le\u00f3n publica, con car\u00e1cter mensual, un Bolet\u00edn con toda la actualidad de Castilla y Le\u00f3n en el \u00e1mbito de la inclusi\u00f3n social.<\/p>\n\n\n\n<ul class=\"wp-block-list\">\n<li>Suscripci\u00f3n: <a href=\"https:\/\/www.eapncastillayleon.es\/boletin\/\">https:\/\/www.eapncastillayleon.es\/boletin\/<\/a><\/li>\n<\/ul>\n\n\n\n<p>Bolet\u00edn: <a href=\"https:\/\/www.eapncastillayleon.es\/wp-content\/uploads\/2025\/07\/Boletin-Junio.pdf?utm_campaign=boletin-eapn-castilla-y-leon&amp;utm_medium=email&amp;utm_source=acumbamail\">https:\/\/www.eapncastillayleon.es\/wp-content\/uploads\/2025\/07\/Boletin-Junio.pdf?utm_campaign=boletin-eapn-castilla-y-leon&amp;utm_medium=email&amp;utm_source=acumbamail<\/a><\/p>\n\n\n\n<p><\/p>\n\n\n\n<figure class=\"wp-block-image size-full\"><img loading=\"lazy\" decoding=\"async\" width=\"900\" height=\"171\" src=\"https:\/\/grupodeenlace.cescyl.es\/wp-content\/uploads\/2025\/07\/image-2.png\" alt=\"\" class=\"wp-image-2658\" srcset=\"https:\/\/grupodeenlace.cescyl.es\/wp-content\/uploads\/2025\/07\/image-2.png 900w, https:\/\/grupodeenlace.cescyl.es\/wp-content\/uploads\/2025\/07\/image-2-300x57.png 300w, https:\/\/grupodeenlace.cescyl.es\/wp-content\/uploads\/2025\/07\/image-2-768x146.png 768w\" sizes=\"auto, (max-width: 709px) 85vw, (max-width: 909px) 67vw, (max-width: 1362px) 62vw, 840px\" \/><\/figure>\n","protected":false},"excerpt":{"rendered":"<p>EAPN Castilla y Le\u00f3n publica, con car\u00e1cter mensual, un Bolet\u00edn con toda la actualidad de Castilla y Le\u00f3n en el \u00e1mbito de la inclusi\u00f3n social. Bolet\u00edn: https:\/\/www.eapncastillayleon.es\/wp-content\/uploads\/2025\/07\/Boletin-Junio.pdf?utm_campaign=boletin-eapn-castilla-y-leon&amp;utm_medium=email&amp;utm_source=acumbamail<\/p>\n","protected":false},"author":2,"featured_media":0,"comment_status":"closed","ping_status":"closed","sticky":false,"template":"","format":"standard","meta":{"_s2mail":"","footnotes":""},"categories":[10],"tags":[],"class_list":["post-2657","post","type-post","status-publish","format-standard","hentry","category-noticias-de-los-miembros-del-grupo"],"_links":{"self":[{"href":"https:\/\/grupodeenlace.cescyl.es\/index.php?rest_route=\/wp\/v2\/posts\/2657","targetHints":{"allow":["GET"]}}],"collection":[{"href":"https:\/\/grupodeenlace.cescyl.es\/index.php?rest_route=\/wp\/v2\/posts"}],"about":[{"href":"https:\/\/grupodeenlace.cescyl.es\/index.php?rest_route=\/wp\/v2\/types\/post"}],"author":[{"embeddable":true,"href":"https:\/\/grupodeenlace.cescyl.es\/index.php?rest_route=\/wp\/v2\/users\/2"}],"replies":[{"embeddable":true,"href":"https:\/\/grupodeenlace.cescyl.es\/index.php?rest_route=%2Fwp%2Fv2%2Fcomments&post=2657"}],"version-history":[{"count":1,"href":"https:\/\/grupodeenlace.cescyl.es\/index.php?rest_route=\/wp\/v2\/posts\/2657\/revisions"}],"predecessor-version":[{"id":2659,"href":"https:\/\/grupodeenlace.cescyl.es\/index.php?rest_route=\/wp\/v2\/posts\/2657\/revisions\/2659"}],"wp:attachment":[{"href":"https:\/\/grupodeenlace.cescyl.es\/index.php?rest_route=%2Fwp%2Fv2%2Fmedia&parent=2657"}],"wp:term":[{"taxonomy":"category","embeddable":true,"href":"https:\/\/grupodeenlace.cescyl.es\/index.php?rest_route=%2Fwp%2Fv2%2Fcategories&post=2657"},{"taxonomy":"post_tag","embeddable":true,"href":"https:\/\/grupodeenlace.cescyl.es\/index.php?rest_route=%2Fwp%2Fv2%2Ftags&post=2657"}],"curies":[{"name":"wp","href":"https:\/\/api.w.org\/{rel}","templated":true}]}}