{"id":2777,"date":"2025-12-04T10:24:37","date_gmt":"2025-12-04T08:24:37","guid":{"rendered":"https:\/\/grupodeenlace.cescyl.es\/?p=2777"},"modified":"2025-12-04T10:24:37","modified_gmt":"2025-12-04T08:24:37","slug":"boletin-abro-hilo-de-noviembre-de-2025-de-eapn-castilla-y-leon","status":"publish","type":"post","link":"https:\/\/grupodeenlace.cescyl.es\/?p=2777","title":{"rendered":"Bolet\u00edn \u201cAbro hilo\u2026\u201d de noviembre de 2025 de EAPN Castilla y Le\u00f3n"},"content":{"rendered":"\n<p><\/p>\n\n\n\n<p>EAPN Castilla y Le\u00f3n publica, con car\u00e1cter mensual, un Bolet\u00edn con toda la actualidad de Castilla y Le\u00f3n en el \u00e1mbito de la inclusi\u00f3n social.<\/p>\n\n\n\n<ul class=\"wp-block-list\">\n<li><strong>Suscripci\u00f3n:<\/strong> <a href=\"https:\/\/www.eapncastillayleon.es\/boletin\/\">https:\/\/www.eapncastillayleon.es\/boletin\/<\/a><\/li>\n<\/ul>\n\n\n\n<ul class=\"wp-block-list\">\n<li><strong>Bolet\u00edn:<\/strong> <a href=\"https:\/\/mailchi.mp\/e4e66ff89caf\/boletn-eapn-castilla-y-len-n56-septiembre-15272238?e=39e0a01035\">https:\/\/mailchi.mp\/e4e66ff89caf\/boletn-eapn-castilla-y-len-n56-septiembre-15272238?e=39e0a01035<\/a><\/li>\n<\/ul>\n\n\n\n<p><\/p>\n\n\n\n<figure class=\"wp-block-image size-full\"><img loading=\"lazy\" decoding=\"async\" width=\"886\" height=\"143\" src=\"https:\/\/grupodeenlace.cescyl.es\/wp-content\/uploads\/2025\/12\/image-3.png\" alt=\"\" class=\"wp-image-2778\" srcset=\"https:\/\/grupodeenlace.cescyl.es\/wp-content\/uploads\/2025\/12\/image-3.png 886w, https:\/\/grupodeenlace.cescyl.es\/wp-content\/uploads\/2025\/12\/image-3-300x48.png 300w, https:\/\/grupodeenlace.cescyl.es\/wp-content\/uploads\/2025\/12\/image-3-768x124.png 768w\" sizes=\"auto, (max-width: 709px) 85vw, (max-width: 909px) 67vw, (max-width: 1362px) 62vw, 840px\" \/><\/figure>\n","protected":false},"excerpt":{"rendered":"<p>EAPN Castilla y Le\u00f3n publica, con car\u00e1cter mensual, un Bolet\u00edn con toda la actualidad de Castilla y Le\u00f3n en el \u00e1mbito de la inclusi\u00f3n social.<\/p>\n","protected":false},"author":2,"featured_media":0,"comment_status":"closed","ping_status":"closed","sticky":false,"template":"","format":"standard","meta":{"_s2mail":"","footnotes":""},"categories":[10],"tags":[],"class_list":["post-2777","post","type-post","status-publish","format-standard","hentry","category-noticias-de-los-miembros-del-grupo"],"_links":{"self":[{"href":"https:\/\/grupodeenlace.cescyl.es\/index.php?rest_route=\/wp\/v2\/posts\/2777","targetHints":{"allow":["GET"]}}],"collection":[{"href":"https:\/\/grupodeenlace.cescyl.es\/index.php?rest_route=\/wp\/v2\/posts"}],"about":[{"href":"https:\/\/grupodeenlace.cescyl.es\/index.php?rest_route=\/wp\/v2\/types\/post"}],"author":[{"embeddable":true,"href":"https:\/\/grupodeenlace.cescyl.es\/index.php?rest_route=\/wp\/v2\/users\/2"}],"replies":[{"embeddable":true,"href":"https:\/\/grupodeenlace.cescyl.es\/index.php?rest_route=%2Fwp%2Fv2%2Fcomments&post=2777"}],"version-history":[{"count":1,"href":"https:\/\/grupodeenlace.cescyl.es\/index.php?rest_route=\/wp\/v2\/posts\/2777\/revisions"}],"predecessor-version":[{"id":2779,"href":"https:\/\/grupodeenlace.cescyl.es\/index.php?rest_route=\/wp\/v2\/posts\/2777\/revisions\/2779"}],"wp:attachment":[{"href":"https:\/\/grupodeenlace.cescyl.es\/index.php?rest_route=%2Fwp%2Fv2%2Fmedia&parent=2777"}],"wp:term":[{"taxonomy":"category","embeddable":true,"href":"https:\/\/grupodeenlace.cescyl.es\/index.php?rest_route=%2Fwp%2Fv2%2Fcategories&post=2777"},{"taxonomy":"post_tag","embeddable":true,"href":"https:\/\/grupodeenlace.cescyl.es\/index.php?rest_route=%2Fwp%2Fv2%2Ftags&post=2777"}],"curies":[{"name":"wp","href":"https:\/\/api.w.org\/{rel}","templated":true}]}}