{"id":2780,"date":"2025-12-09T10:07:01","date_gmt":"2025-12-09T08:07:01","guid":{"rendered":"https:\/\/grupodeenlace.cescyl.es\/?p=2780"},"modified":"2025-12-09T10:07:01","modified_gmt":"2025-12-09T08:07:01","slug":"el-grupo-de-accion-local-campos-y-torozos-destaca-en-mayorga-el-potencial-innovador-del-programa-leader","status":"publish","type":"post","link":"https:\/\/grupodeenlace.cescyl.es\/?p=2780","title":{"rendered":"El Grupo de Acci\u00f3n Local \u2018Campos y Torozos\u2019 destaca en Mayorga el potencial innovador del programa LEADER"},"content":{"rendered":"\n<p><\/p>\n\n\n\n<p>El Museo del Pan de Mayorga acogi\u00f3, el d\u00eda 3 de diciembre de 2025, una jornada que reuni\u00f3 a grupos de acci\u00f3n local de Valladolid, Palencia, Zamora y Le\u00f3n, instituciones, empresas y centros tecnol\u00f3gicos para mostrar c\u00f3mo la combinaci\u00f3n de tradici\u00f3n, conocimiento local y nuevas tecnolog\u00edas est\u00e1 impulsando proyectos transformadores en la comarca.<\/p>\n\n\n\n<p>El Grupo de Acci\u00f3n Local (GAL) \u2018Campos y Torozos\u2019 subray\u00f3 que la innovaci\u00f3n y el programa LEADER est\u00e1n \u00edntimamente conectados y detall\u00f3 c\u00f3mo los GAL act\u00faan como motores de innovaci\u00f3n en el medio rural.<\/p>\n\n\n\n<ul class=\"wp-block-list\">\n<li><strong>Noticia:<\/strong> <a href=\"https:\/\/www.camposytorozos.es\/2025\/12\/03\/el-grupo-de-accion-local-campos-y-torozos-destaca-en-mayorga-el-potencial-innovador-del-programa-leader\/\">https:\/\/www.camposytorozos.es\/2025\/12\/03\/el-grupo-de-accion-local-campos-y-torozos-destaca-en-mayorga-el-potencial-innovador-del-programa-leader\/<\/a><\/li>\n<\/ul>\n\n\n\n<figure class=\"wp-block-image size-full\"><img loading=\"lazy\" decoding=\"async\" width=\"886\" height=\"569\" src=\"https:\/\/grupodeenlace.cescyl.es\/wp-content\/uploads\/2025\/12\/image-4.png\" alt=\"\" class=\"wp-image-2781\" srcset=\"https:\/\/grupodeenlace.cescyl.es\/wp-content\/uploads\/2025\/12\/image-4.png 886w, https:\/\/grupodeenlace.cescyl.es\/wp-content\/uploads\/2025\/12\/image-4-300x193.png 300w, https:\/\/grupodeenlace.cescyl.es\/wp-content\/uploads\/2025\/12\/image-4-768x493.png 768w\" sizes=\"auto, (max-width: 709px) 85vw, (max-width: 909px) 67vw, (max-width: 1362px) 62vw, 840px\" \/><\/figure>\n","protected":false},"excerpt":{"rendered":"<p>El Museo del Pan de Mayorga acogi\u00f3, el d\u00eda 3 de diciembre de 2025, una jornada que reuni\u00f3 a grupos de acci\u00f3n local de Valladolid, Palencia, Zamora y Le\u00f3n, instituciones, empresas y centros tecnol\u00f3gicos para mostrar c\u00f3mo la combinaci\u00f3n de tradici\u00f3n, conocimiento local y nuevas tecnolog\u00edas est\u00e1 impulsando proyectos transformadores en la comarca. El Grupo &hellip; <a href=\"https:\/\/grupodeenlace.cescyl.es\/?p=2780\" class=\"more-link\">Continuar leyendo<span class=\"screen-reader-text\"> &#8220;El Grupo de Acci\u00f3n Local \u2018Campos y Torozos\u2019 destaca en Mayorga el potencial innovador del programa LEADER&#8221;<\/span><\/a><\/p>\n","protected":false},"author":2,"featured_media":0,"comment_status":"closed","ping_status":"closed","sticky":false,"template":"","format":"standard","meta":{"_s2mail":"","footnotes":""},"categories":[10],"tags":[],"class_list":["post-2780","post","type-post","status-publish","format-standard","hentry","category-noticias-de-los-miembros-del-grupo"],"_links":{"self":[{"href":"https:\/\/grupodeenlace.cescyl.es\/index.php?rest_route=\/wp\/v2\/posts\/2780","targetHints":{"allow":["GET"]}}],"collection":[{"href":"https:\/\/grupodeenlace.cescyl.es\/index.php?rest_route=\/wp\/v2\/posts"}],"about":[{"href":"https:\/\/grupodeenlace.cescyl.es\/index.php?rest_route=\/wp\/v2\/types\/post"}],"author":[{"embeddable":true,"href":"https:\/\/grupodeenlace.cescyl.es\/index.php?rest_route=\/wp\/v2\/users\/2"}],"replies":[{"embeddable":true,"href":"https:\/\/grupodeenlace.cescyl.es\/index.php?rest_route=%2Fwp%2Fv2%2Fcomments&post=2780"}],"version-history":[{"count":1,"href":"https:\/\/grupodeenlace.cescyl.es\/index.php?rest_route=\/wp\/v2\/posts\/2780\/revisions"}],"predecessor-version":[{"id":2782,"href":"https:\/\/grupodeenlace.cescyl.es\/index.php?rest_route=\/wp\/v2\/posts\/2780\/revisions\/2782"}],"wp:attachment":[{"href":"https:\/\/grupodeenlace.cescyl.es\/index.php?rest_route=%2Fwp%2Fv2%2Fmedia&parent=2780"}],"wp:term":[{"taxonomy":"category","embeddable":true,"href":"https:\/\/grupodeenlace.cescyl.es\/index.php?rest_route=%2Fwp%2Fv2%2Fcategories&post=2780"},{"taxonomy":"post_tag","embeddable":true,"href":"https:\/\/grupodeenlace.cescyl.es\/index.php?rest_route=%2Fwp%2Fv2%2Ftags&post=2780"}],"curies":[{"name":"wp","href":"https:\/\/api.w.org\/{rel}","templated":true}]}}