{"id":2785,"date":"2025-12-11T10:39:33","date_gmt":"2025-12-11T08:39:33","guid":{"rendered":"https:\/\/grupodeenlace.cescyl.es\/?p=2785"},"modified":"2025-12-11T10:39:33","modified_gmt":"2025-12-11T08:39:33","slug":"newsletter-del-grupo-de-enlace-del-comite-economico-y-social-europeo-diciembre-2025","status":"publish","type":"post","link":"https:\/\/grupodeenlace.cescyl.es\/?p=2785","title":{"rendered":"Newsletter del Grupo de Enlace del Comit\u00e9 Econ\u00f3mico y Social Europeo (diciembre 2025)"},"content":{"rendered":"\n<p>El Grupo de Enlace del Comit\u00e9 Econ\u00f3mico y Social publica, con car\u00e1cter mensual, una Newsletter con un compendio de documentos y actuaciones realizaras por la sociedad civil organizada en Europa.<\/p>\n\n\n\n<p><a href=\"https:\/\/public-eur.mkt.dynamics.com\/api\/v1.0\/orgs\/2c4bd077-fff6-496c-ae40-97e98d8bc644\/channels\/mails\/vib\/eac3ca45-d7c5-ed11-b597-0022489fd0eb_b791b4f7-ded4-f011-8543-7ced8d2df7bf_8830aeaa-88d7-c51f-0097-58f659af878b_06aaee9c-20af-f011-bbd2-7ced8d2df810#msdynmkt_trackingcontext=4fb19f6d-11bb-4a92-84a0-b838741c0200\">https:\/\/public-eur.mkt.dynamics.com\/api\/v1.0\/orgs\/2c4bd077-fff6-496c-ae40-97e98d8bc644\/channels\/mails\/vib\/eac3ca45-d7c5-ed11-b597-0022489fd0eb_b791b4f7-ded4-f011-8543-7ced8d2df7bf_8830aeaa-88d7-c51f-0097-58f659af878b_06aaee9c-20af-f011-bbd2-7ced8d2df810#msdynmkt_trackingcontext=4fb19f6d-11bb-4a92-84a0-b838741c0200<\/a><\/p>\n\n\n\n<figure class=\"wp-block-image size-full\"><img loading=\"lazy\" decoding=\"async\" width=\"747\" height=\"319\" src=\"https:\/\/grupodeenlace.cescyl.es\/wp-content\/uploads\/2025\/12\/image-1.jpg\" alt=\"\" class=\"wp-image-2786\" srcset=\"https:\/\/grupodeenlace.cescyl.es\/wp-content\/uploads\/2025\/12\/image-1.jpg 747w, https:\/\/grupodeenlace.cescyl.es\/wp-content\/uploads\/2025\/12\/image-1-300x128.jpg 300w\" sizes=\"auto, (max-width: 709px) 85vw, (max-width: 909px) 67vw, (max-width: 984px) 61vw, (max-width: 1362px) 45vw, 600px\" \/><\/figure>\n","protected":false},"excerpt":{"rendered":"<p>El Grupo de Enlace del Comit\u00e9 Econ\u00f3mico y Social publica, con car\u00e1cter mensual, una Newsletter con un compendio de documentos y actuaciones realizaras por la sociedad civil organizada en Europa. https:\/\/public-eur.mkt.dynamics.com\/api\/v1.0\/orgs\/2c4bd077-fff6-496c-ae40-97e98d8bc644\/channels\/mails\/vib\/eac3ca45-d7c5-ed11-b597-0022489fd0eb_b791b4f7-ded4-f011-8543-7ced8d2df7bf_8830aeaa-88d7-c51f-0097-58f659af878b_06aaee9c-20af-f011-bbd2-7ced8d2df810#msdynmkt_trackingcontext=4fb19f6d-11bb-4a92-84a0-b838741c0200<\/p>\n","protected":false},"author":2,"featured_media":0,"comment_status":"closed","ping_status":"","sticky":false,"template":"","format":"standard","meta":{"_s2mail":"","footnotes":""},"categories":[4],"tags":[],"class_list":["post-2785","post","type-post","status-publish","format-standard","hentry","category-informes-y-documentos"],"_links":{"self":[{"href":"https:\/\/grupodeenlace.cescyl.es\/index.php?rest_route=\/wp\/v2\/posts\/2785","targetHints":{"allow":["GET"]}}],"collection":[{"href":"https:\/\/grupodeenlace.cescyl.es\/index.php?rest_route=\/wp\/v2\/posts"}],"about":[{"href":"https:\/\/grupodeenlace.cescyl.es\/index.php?rest_route=\/wp\/v2\/types\/post"}],"author":[{"embeddable":true,"href":"https:\/\/grupodeenlace.cescyl.es\/index.php?rest_route=\/wp\/v2\/users\/2"}],"replies":[{"embeddable":true,"href":"https:\/\/grupodeenlace.cescyl.es\/index.php?rest_route=%2Fwp%2Fv2%2Fcomments&post=2785"}],"version-history":[{"count":1,"href":"https:\/\/grupodeenlace.cescyl.es\/index.php?rest_route=\/wp\/v2\/posts\/2785\/revisions"}],"predecessor-version":[{"id":2787,"href":"https:\/\/grupodeenlace.cescyl.es\/index.php?rest_route=\/wp\/v2\/posts\/2785\/revisions\/2787"}],"wp:attachment":[{"href":"https:\/\/grupodeenlace.cescyl.es\/index.php?rest_route=%2Fwp%2Fv2%2Fmedia&parent=2785"}],"wp:term":[{"taxonomy":"category","embeddable":true,"href":"https:\/\/grupodeenlace.cescyl.es\/index.php?rest_route=%2Fwp%2Fv2%2Fcategories&post=2785"},{"taxonomy":"post_tag","embeddable":true,"href":"https:\/\/grupodeenlace.cescyl.es\/index.php?rest_route=%2Fwp%2Fv2%2Ftags&post=2785"}],"curies":[{"name":"wp","href":"https:\/\/api.w.org\/{rel}","templated":true}]}}