{"id":2802,"date":"2026-01-28T10:31:00","date_gmt":"2026-01-28T08:31:00","guid":{"rendered":"https:\/\/grupodeenlace.cescyl.es\/?p=2802"},"modified":"2026-01-28T10:31:00","modified_gmt":"2026-01-28T08:31:00","slug":"newsletter-del-grupo-de-enlace-del-comite-economico-y-social-europeo-enero-2026","status":"publish","type":"post","link":"https:\/\/grupodeenlace.cescyl.es\/?p=2802","title":{"rendered":"Newsletter del Grupo de Enlace del Comit\u00e9 Econ\u00f3mico y Social Europeo (enero 2026)"},"content":{"rendered":"\n<p><\/p>\n\n\n\n<p>El Grupo de Enlace del Comit\u00e9 Econ\u00f3mico y Social publica, con car\u00e1cter mensual, una Newsletter con un compendio de documentos y actuaciones realizaras por la sociedad civil organizada en Europa.<\/p>\n\n\n\n<p><a href=\"https:\/\/public-eur.mkt.dynamics.com\/api\/v1.0\/orgs\/2c4bd077-fff6-496c-ae40-97e98d8bc644\/channels\/mails\/vib\/eac3ca45-d7c5-ed11-b597-0022489fd0eb_06192478-b8fa-f011-8407-7c1e52345ddd_a4cc0d2f-ec72-7fd6-9afd-ab0f69d3b021_b8d0995a-17f6-f011-8406-7ced8d2c0975#msdynmkt_trackingcontext=34cd143a-0c38-4506-a462-5c4433380200\">https:\/\/public-eur.mkt.dynamics.com\/api\/v1.0\/orgs\/2c4bd077-fff6-496c-ae40-97e98d8bc644\/channels\/mails\/vib\/eac3ca45-d7c5-ed11-b597-0022489fd0eb_06192478-b8fa-f011-8407-7c1e52345ddd_a4cc0d2f-ec72-7fd6-9afd-ab0f69d3b021_b8d0995a-17f6-f011-8406-7ced8d2c0975#msdynmkt_trackingcontext=34cd143a-0c38-4506-a462-5c4433380200<\/a><\/p>\n\n\n\n<p><\/p>\n\n\n\n<figure class=\"wp-block-image size-full\"><img loading=\"lazy\" decoding=\"async\" width=\"886\" height=\"376\" src=\"https:\/\/grupodeenlace.cescyl.es\/wp-content\/uploads\/2026\/01\/image-3.png\" alt=\"\" class=\"wp-image-2803\" srcset=\"https:\/\/grupodeenlace.cescyl.es\/wp-content\/uploads\/2026\/01\/image-3.png 886w, https:\/\/grupodeenlace.cescyl.es\/wp-content\/uploads\/2026\/01\/image-3-300x127.png 300w, https:\/\/grupodeenlace.cescyl.es\/wp-content\/uploads\/2026\/01\/image-3-768x326.png 768w\" sizes=\"auto, (max-width: 709px) 85vw, (max-width: 909px) 67vw, (max-width: 1362px) 62vw, 840px\" \/><\/figure>\n","protected":false},"excerpt":{"rendered":"<p>El Grupo de Enlace del Comit\u00e9 Econ\u00f3mico y Social publica, con car\u00e1cter mensual, una Newsletter con un compendio de documentos y actuaciones realizaras por la sociedad civil organizada en Europa. https:\/\/public-eur.mkt.dynamics.com\/api\/v1.0\/orgs\/2c4bd077-fff6-496c-ae40-97e98d8bc644\/channels\/mails\/vib\/eac3ca45-d7c5-ed11-b597-0022489fd0eb_06192478-b8fa-f011-8407-7c1e52345ddd_a4cc0d2f-ec72-7fd6-9afd-ab0f69d3b021_b8d0995a-17f6-f011-8406-7ced8d2c0975#msdynmkt_trackingcontext=34cd143a-0c38-4506-a462-5c4433380200<\/p>\n","protected":false},"author":2,"featured_media":0,"comment_status":"closed","ping_status":"closed","sticky":false,"template":"","format":"standard","meta":{"_s2mail":"","footnotes":""},"categories":[4],"tags":[],"class_list":["post-2802","post","type-post","status-publish","format-standard","hentry","category-informes-y-documentos"],"_links":{"self":[{"href":"https:\/\/grupodeenlace.cescyl.es\/index.php?rest_route=\/wp\/v2\/posts\/2802","targetHints":{"allow":["GET"]}}],"collection":[{"href":"https:\/\/grupodeenlace.cescyl.es\/index.php?rest_route=\/wp\/v2\/posts"}],"about":[{"href":"https:\/\/grupodeenlace.cescyl.es\/index.php?rest_route=\/wp\/v2\/types\/post"}],"author":[{"embeddable":true,"href":"https:\/\/grupodeenlace.cescyl.es\/index.php?rest_route=\/wp\/v2\/users\/2"}],"replies":[{"embeddable":true,"href":"https:\/\/grupodeenlace.cescyl.es\/index.php?rest_route=%2Fwp%2Fv2%2Fcomments&post=2802"}],"version-history":[{"count":2,"href":"https:\/\/grupodeenlace.cescyl.es\/index.php?rest_route=\/wp\/v2\/posts\/2802\/revisions"}],"predecessor-version":[{"id":2805,"href":"https:\/\/grupodeenlace.cescyl.es\/index.php?rest_route=\/wp\/v2\/posts\/2802\/revisions\/2805"}],"wp:attachment":[{"href":"https:\/\/grupodeenlace.cescyl.es\/index.php?rest_route=%2Fwp%2Fv2%2Fmedia&parent=2802"}],"wp:term":[{"taxonomy":"category","embeddable":true,"href":"https:\/\/grupodeenlace.cescyl.es\/index.php?rest_route=%2Fwp%2Fv2%2Fcategories&post=2802"},{"taxonomy":"post_tag","embeddable":true,"href":"https:\/\/grupodeenlace.cescyl.es\/index.php?rest_route=%2Fwp%2Fv2%2Ftags&post=2802"}],"curies":[{"name":"wp","href":"https:\/\/api.w.org\/{rel}","templated":true}]}}