{"id":284,"date":"2020-09-14T12:56:00","date_gmt":"2020-09-14T12:56:00","guid":{"rendered":"http:\/\/grupodeenlace.cescyl.es\/?p=284"},"modified":"2020-09-28T12:59:19","modified_gmt":"2020-09-28T12:59:19","slug":"flash-de-actualidad-panorama-de-la-educacion-en-espana-indicadores-de-la-ocde-2020","status":"publish","type":"post","link":"https:\/\/grupodeenlace.cescyl.es\/?p=284","title":{"rendered":"Flash de actualidad. Panorama de la educaci\u00f3n en Espa\u00f1a. Indicadores de la OCDE 2020"},"content":{"rendered":"\n<p><br><strong>FLASH DE ACTUALIDAD DEL CONSEJO ECON\u00d3MICO Y SOCIAL DE CSTILLA Y LE\u00d3N<\/strong><\/p>\n\n\n\n<figure class=\"wp-block-image size-large\"><img loading=\"lazy\" decoding=\"async\" width=\"567\" height=\"173\" src=\"https:\/\/grupodeenlace.cescyl.es\/wp-content\/uploads\/2020\/09\/image-16.png\" alt=\"\" class=\"wp-image-285\" srcset=\"https:\/\/grupodeenlace.cescyl.es\/wp-content\/uploads\/2020\/09\/image-16.png 567w, https:\/\/grupodeenlace.cescyl.es\/wp-content\/uploads\/2020\/09\/image-16-300x92.png 300w\" sizes=\"auto, (max-width: 567px) 85vw, 567px\" \/><\/figure>\n\n\n\n<p>El informe espa\u00f1ol de la publicaci\u00f3n de la OCDE Panorama de la educaci\u00f3n (Education at a Glance, en ingl\u00e9s) es un resumen de los indicadores internacionales que proporciona dicha instituci\u00f3n y reproduce los datos m\u00e1s destacados de Espa\u00f1a en relaci\u00f3n a los pa\u00edses miembros y comunitarios.<\/p>\n\n\n\n<ul class=\"wp-block-list\"><li>Ficha CESCyL:<\/li><\/ul>\n\n\n\n<p><a href=\"http:\/\/www.cescyl.es\/es\/publicaciones\/fichas-actualidad\/flash-actualidad-panorama-educacion-espana-indicadores-ocde.ficheros\/74260-_ficha%20actualidad%20educaci%C3%B3n%20ocde.pdf\">http:\/\/www.cescyl.es\/es\/publicaciones\/fichas-actualidad\/flash-actualidad-panorama-educacion-espana-indicadores-ocde.ficheros\/74260-_ficha%20actualidad%20educaci%C3%B3n%20ocde.pdf<\/a><\/p>\n","protected":false},"excerpt":{"rendered":"<p>FLASH DE ACTUALIDAD DEL CONSEJO ECON\u00d3MICO Y SOCIAL DE CSTILLA Y LE\u00d3N El informe espa\u00f1ol de la publicaci\u00f3n de la OCDE Panorama de la educaci\u00f3n (Education at a Glance, en ingl\u00e9s) es un resumen de los indicadores internacionales que proporciona dicha instituci\u00f3n y reproduce los datos m\u00e1s destacados de Espa\u00f1a en relaci\u00f3n a los pa\u00edses &hellip; <a href=\"https:\/\/grupodeenlace.cescyl.es\/?p=284\" class=\"more-link\">Continuar leyendo<span class=\"screen-reader-text\"> &#8220;Flash de actualidad. Panorama de la educaci\u00f3n en Espa\u00f1a. Indicadores de la OCDE 2020&#8221;<\/span><\/a><\/p>\n","protected":false},"author":2,"featured_media":0,"comment_status":"open","ping_status":"open","sticky":false,"template":"","format":"standard","meta":{"_s2mail":"","footnotes":""},"categories":[3],"tags":[],"class_list":["post-284","post","type-post","status-publish","format-standard","hentry","category-informacion-y-publicaciones-ces"],"_links":{"self":[{"href":"https:\/\/grupodeenlace.cescyl.es\/index.php?rest_route=\/wp\/v2\/posts\/284","targetHints":{"allow":["GET"]}}],"collection":[{"href":"https:\/\/grupodeenlace.cescyl.es\/index.php?rest_route=\/wp\/v2\/posts"}],"about":[{"href":"https:\/\/grupodeenlace.cescyl.es\/index.php?rest_route=\/wp\/v2\/types\/post"}],"author":[{"embeddable":true,"href":"https:\/\/grupodeenlace.cescyl.es\/index.php?rest_route=\/wp\/v2\/users\/2"}],"replies":[{"embeddable":true,"href":"https:\/\/grupodeenlace.cescyl.es\/index.php?rest_route=%2Fwp%2Fv2%2Fcomments&post=284"}],"version-history":[{"count":1,"href":"https:\/\/grupodeenlace.cescyl.es\/index.php?rest_route=\/wp\/v2\/posts\/284\/revisions"}],"predecessor-version":[{"id":286,"href":"https:\/\/grupodeenlace.cescyl.es\/index.php?rest_route=\/wp\/v2\/posts\/284\/revisions\/286"}],"wp:attachment":[{"href":"https:\/\/grupodeenlace.cescyl.es\/index.php?rest_route=%2Fwp%2Fv2%2Fmedia&parent=284"}],"wp:term":[{"taxonomy":"category","embeddable":true,"href":"https:\/\/grupodeenlace.cescyl.es\/index.php?rest_route=%2Fwp%2Fv2%2Fcategories&post=284"},{"taxonomy":"post_tag","embeddable":true,"href":"https:\/\/grupodeenlace.cescyl.es\/index.php?rest_route=%2Fwp%2Fv2%2Ftags&post=284"}],"curies":[{"name":"wp","href":"https:\/\/api.w.org\/{rel}","templated":true}]}}