{"id":2965,"date":"2026-09-02T13:59:30","date_gmt":"2026-09-02T11:59:30","guid":{"rendered":"https:\/\/grupodeenlace.cescyl.es\/?p=2965"},"modified":"2026-09-02T13:59:30","modified_gmt":"2026-09-02T11:59:30","slug":"congreso-de-accesibilidad","status":"publish","type":"post","link":"https:\/\/grupodeenlace.cescyl.es\/?p=2965","title":{"rendered":"Congreso de accesibilidad"},"content":{"rendered":"\n<p class=\"wp-block-paragraph\"><\/p>\n\n\n\n<p class=\"wp-block-paragraph\">El viernes 18 de septiembre 2026, se celebrar\u00e1 en Palencia el Congreso de accesibilidad que se organiza desde el marco del Cl\u00faster Sociosanitario Palencia ciudad de los cuidados por COCEMFE.<\/p>\n\n\n\n<p class=\"wp-block-paragraph\">El evento contar\u00e1 con la participaci\u00f3n de expertos en accesibilidad, urbanismo, turismo inclusivo y pol\u00edtica de cuidados.<\/p>\n\n\n\n<p class=\"wp-block-paragraph\"><strong>M\u00e1s informaci\u00f3n<\/strong>: <a href=\"https:\/\/cocemfecyl.es\/congreso-accesibilidad-salud-palencia-2026\/\">https:\/\/cocemfecyl.es\/congreso-accesibilidad-salud-palencia-2026\/<\/a><\/p>\n\n\n\n<p class=\"wp-block-paragraph\"><\/p>\n\n\n\n<figure class=\"wp-block-image size-full\"><img loading=\"lazy\" decoding=\"async\" width=\"636\" height=\"918\" src=\"https:\/\/grupodeenlace.cescyl.es\/wp-content\/uploads\/2026\/09\/image.png\" alt=\"\" class=\"wp-image-2966\" srcset=\"https:\/\/grupodeenlace.cescyl.es\/wp-content\/uploads\/2026\/09\/image.png 636w, https:\/\/grupodeenlace.cescyl.es\/wp-content\/uploads\/2026\/09\/image-208x300.png 208w\" sizes=\"auto, (max-width: 709px) 85vw, (max-width: 909px) 67vw, (max-width: 984px) 61vw, (max-width: 1362px) 45vw, 600px\" \/><\/figure>\n","protected":false},"excerpt":{"rendered":"<p>El viernes 18 de septiembre 2026, se celebrar\u00e1 en Palencia el Congreso de accesibilidad que se organiza desde el marco del Cl\u00faster Sociosanitario Palencia ciudad de los cuidados por COCEMFE. El evento contar\u00e1 con la participaci\u00f3n de expertos en accesibilidad, urbanismo, turismo inclusivo y pol\u00edtica de cuidados. M\u00e1s informaci\u00f3n: https:\/\/cocemfecyl.es\/congreso-accesibilidad-salud-palencia-2026\/<\/p>\n","protected":false},"author":2,"featured_media":0,"comment_status":"closed","ping_status":"closed","sticky":false,"template":"","format":"standard","meta":{"_s2mail":"","footnotes":""},"categories":[10],"tags":[],"class_list":["post-2965","post","type-post","status-publish","format-standard","hentry","category-noticias-de-los-miembros-del-grupo"],"_links":{"self":[{"href":"https:\/\/grupodeenlace.cescyl.es\/index.php?rest_route=\/wp\/v2\/posts\/2965","targetHints":{"allow":["GET"]}}],"collection":[{"href":"https:\/\/grupodeenlace.cescyl.es\/index.php?rest_route=\/wp\/v2\/posts"}],"about":[{"href":"https:\/\/grupodeenlace.cescyl.es\/index.php?rest_route=\/wp\/v2\/types\/post"}],"author":[{"embeddable":true,"href":"https:\/\/grupodeenlace.cescyl.es\/index.php?rest_route=\/wp\/v2\/users\/2"}],"replies":[{"embeddable":true,"href":"https:\/\/grupodeenlace.cescyl.es\/index.php?rest_route=%2Fwp%2Fv2%2Fcomments&post=2965"}],"version-history":[{"count":1,"href":"https:\/\/grupodeenlace.cescyl.es\/index.php?rest_route=\/wp\/v2\/posts\/2965\/revisions"}],"predecessor-version":[{"id":2967,"href":"https:\/\/grupodeenlace.cescyl.es\/index.php?rest_route=\/wp\/v2\/posts\/2965\/revisions\/2967"}],"wp:attachment":[{"href":"https:\/\/grupodeenlace.cescyl.es\/index.php?rest_route=%2Fwp%2Fv2%2Fmedia&parent=2965"}],"wp:term":[{"taxonomy":"category","embeddable":true,"href":"https:\/\/grupodeenlace.cescyl.es\/index.php?rest_route=%2Fwp%2Fv2%2Fcategories&post=2965"},{"taxonomy":"post_tag","embeddable":true,"href":"https:\/\/grupodeenlace.cescyl.es\/index.php?rest_route=%2Fwp%2Fv2%2Ftags&post=2965"}],"curies":[{"name":"wp","href":"https:\/\/api.w.org\/{rel}","templated":true}]}}