{"id":2980,"date":"2026-09-03T09:48:17","date_gmt":"2026-09-03T07:48:17","guid":{"rendered":"https:\/\/grupodeenlace.cescyl.es\/?p=2980"},"modified":"2026-09-03T09:48:17","modified_gmt":"2026-09-03T07:48:17","slug":"reglamento-de-las-condiciones-basicas-de-accesibilidad-cognitiva","status":"publish","type":"post","link":"https:\/\/grupodeenlace.cescyl.es\/?p=2980","title":{"rendered":"Reglamento de las condiciones b\u00e1sicas de accesibilidad cognitiva"},"content":{"rendered":"\n<p class=\"wp-block-paragraph\"><\/p>\n\n\n\n<p class=\"wp-block-paragraph\">El BOE de 3 de septiembre de 2026 ha publicado el Real Decreto por el que se aprueba el Reglamento de las condiciones b\u00e1sicas de accesibilidad cognitiva.<\/p>\n\n\n\n<p class=\"wp-block-paragraph\">Este Reglamento establece y regula la accesibilidad cognitiva y sus condiciones de exigencia y aplicaci\u00f3n, de conformidad con la disposici\u00f3n adicional segunda de la Ley&nbsp;6\/2022, de&nbsp;31 de marzo, de modificaci\u00f3n del texto refundido de la Ley General de derechos de las personas con discapacidad y de su inclusi\u00f3n social, aprobado por el Real Decreto Legislativo&nbsp;1\/2013, de&nbsp;29 de noviembre, que establec\u00eda un mandato al Gobierno para aprobar un reglamento que desarrolle las condiciones b\u00e1sicas de accesibilidad cognitiva, reuniendo en un texto reglamentario aquellas aplicables en todo el territorio nacional. Estas condiciones tienen el car\u00e1cter de m\u00ednimos, pudiendo las comunidades aut\u00f3nomas, las ciudades de Ceuta y Melilla y las corporaciones locales establecer otras suplementarias o m\u00e1s exigentes, siempre dentro de la esfera de sus competencias.<\/p>\n\n\n\n<p class=\"wp-block-paragraph\">El objetivo es garantizar, de forma efectiva, la accesibilidad cognitiva de todas las personas con dificultades de comprensi\u00f3n y comunicaci\u00f3n del entorno f\u00edsico, el transporte, la informaci\u00f3n y la comunicaci\u00f3n, incluidos los sistemas y las tecnolog\u00edas de la informaci\u00f3n y las comunicaciones, y a otros servicios e instalaciones a disposici\u00f3n o de uso p\u00fablico, tanto en zonas urbanas como rurales.<\/p>\n\n\n\n<ul class=\"wp-block-list\">\n<li><strong>Real Decreto 707\/2026, de 2 de septiembre<\/strong><\/li>\n<\/ul>\n\n\n\n<p class=\"wp-block-paragraph\"><a href=\"https:\/\/www.boe.es\/diario_boe\/txt.php?id=BOE-A-2026-18509\">https:\/\/www.boe.es\/diario_boe\/txt.php?id=BOE-A-2026-18509<\/a><\/p>\n\n\n\n<p class=\"wp-block-paragraph\"><\/p>\n","protected":false},"excerpt":{"rendered":"<p>El BOE de 3 de septiembre de 2026 ha publicado el Real Decreto por el que se aprueba el Reglamento de las condiciones b\u00e1sicas de accesibilidad cognitiva. Este Reglamento establece y regula la accesibilidad cognitiva y sus condiciones de exigencia y aplicaci\u00f3n, de conformidad con la disposici\u00f3n adicional segunda de la Ley&nbsp;6\/2022, de&nbsp;31 de marzo, &hellip; <a href=\"https:\/\/grupodeenlace.cescyl.es\/?p=2980\" class=\"more-link\">Continuar leyendo<span class=\"screen-reader-text\"> &#8220;Reglamento de las condiciones b\u00e1sicas de accesibilidad cognitiva&#8221;<\/span><\/a><\/p>\n","protected":false},"author":2,"featured_media":0,"comment_status":"closed","ping_status":"closed","sticky":false,"template":"","format":"standard","meta":{"_s2mail":"","footnotes":""},"categories":[2],"tags":[],"class_list":["post-2980","post","type-post","status-publish","format-standard","hentry","category-normativa"],"_links":{"self":[{"href":"https:\/\/grupodeenlace.cescyl.es\/index.php?rest_route=\/wp\/v2\/posts\/2980","targetHints":{"allow":["GET"]}}],"collection":[{"href":"https:\/\/grupodeenlace.cescyl.es\/index.php?rest_route=\/wp\/v2\/posts"}],"about":[{"href":"https:\/\/grupodeenlace.cescyl.es\/index.php?rest_route=\/wp\/v2\/types\/post"}],"author":[{"embeddable":true,"href":"https:\/\/grupodeenlace.cescyl.es\/index.php?rest_route=\/wp\/v2\/users\/2"}],"replies":[{"embeddable":true,"href":"https:\/\/grupodeenlace.cescyl.es\/index.php?rest_route=%2Fwp%2Fv2%2Fcomments&post=2980"}],"version-history":[{"count":1,"href":"https:\/\/grupodeenlace.cescyl.es\/index.php?rest_route=\/wp\/v2\/posts\/2980\/revisions"}],"predecessor-version":[{"id":2981,"href":"https:\/\/grupodeenlace.cescyl.es\/index.php?rest_route=\/wp\/v2\/posts\/2980\/revisions\/2981"}],"wp:attachment":[{"href":"https:\/\/grupodeenlace.cescyl.es\/index.php?rest_route=%2Fwp%2Fv2%2Fmedia&parent=2980"}],"wp:term":[{"taxonomy":"category","embeddable":true,"href":"https:\/\/grupodeenlace.cescyl.es\/index.php?rest_route=%2Fwp%2Fv2%2Fcategories&post=2980"},{"taxonomy":"post_tag","embeddable":true,"href":"https:\/\/grupodeenlace.cescyl.es\/index.php?rest_route=%2Fwp%2Fv2%2Ftags&post=2980"}],"curies":[{"name":"wp","href":"https:\/\/api.w.org\/{rel}","templated":true}]}}