{"id":341,"date":"2020-10-01T09:00:40","date_gmt":"2020-10-01T07:00:40","guid":{"rendered":"http:\/\/grupodeenlace.cescyl.es\/?p=341"},"modified":"2020-11-06T09:02:41","modified_gmt":"2020-11-06T07:02:41","slug":"presentacion-i-foro-social-grupo-de-enlace-del-ces","status":"publish","type":"post","link":"https:\/\/grupodeenlace.cescyl.es\/?p=341","title":{"rendered":"Presentaci\u00f3n. I Foro Social Grupo de Enlace del CES"},"content":{"rendered":"\n<h2 class=\"wp-block-heading\"><strong><span class=\"has-inline-color has-bright-blue-color\">Enrique Cabero Mor\u00e1n<\/span><\/strong><\/h2>\n\n\n\n<p><strong><em>Presidente del Consejo Econ\u00f3mico y Social de Castilla y Le\u00f3n<\/em><\/strong><\/p>\n\n\n\n<figure class=\"wp-block-embed-youtube wp-block-embed is-type-video is-provider-youtube wp-embed-aspect-16-9 wp-has-aspect-ratio\"><div class=\"wp-block-embed__wrapper\">\n<iframe loading=\"lazy\" title=\"Inauguraci\u00f3n del I Foro Social del Grupo de Enlace del CES\" width=\"840\" height=\"473\" src=\"https:\/\/www.youtube.com\/embed\/AOgK_lm4Mwo?feature=oembed\" frameborder=\"0\" allow=\"accelerometer; autoplay; clipboard-write; encrypted-media; gyroscope; picture-in-picture\" allowfullscreen><\/iframe>\n<\/div><\/figure>\n","protected":false},"excerpt":{"rendered":"<p>Enrique Cabero Mor\u00e1n Presidente del Consejo Econ\u00f3mico y Social de Castilla y Le\u00f3n<\/p>\n","protected":false},"author":2,"featured_media":0,"comment_status":"open","ping_status":"open","sticky":false,"template":"","format":"standard","meta":{"_s2mail":"","footnotes":""},"categories":[12,11],"tags":[],"class_list":["post-341","post","type-post","status-publish","format-standard","hentry","category-dia-20","category-i-foro-social"],"_links":{"self":[{"href":"https:\/\/grupodeenlace.cescyl.es\/index.php?rest_route=\/wp\/v2\/posts\/341","targetHints":{"allow":["GET"]}}],"collection":[{"href":"https:\/\/grupodeenlace.cescyl.es\/index.php?rest_route=\/wp\/v2\/posts"}],"about":[{"href":"https:\/\/grupodeenlace.cescyl.es\/index.php?rest_route=\/wp\/v2\/types\/post"}],"author":[{"embeddable":true,"href":"https:\/\/grupodeenlace.cescyl.es\/index.php?rest_route=\/wp\/v2\/users\/2"}],"replies":[{"embeddable":true,"href":"https:\/\/grupodeenlace.cescyl.es\/index.php?rest_route=%2Fwp%2Fv2%2Fcomments&post=341"}],"version-history":[{"count":2,"href":"https:\/\/grupodeenlace.cescyl.es\/index.php?rest_route=\/wp\/v2\/posts\/341\/revisions"}],"predecessor-version":[{"id":420,"href":"https:\/\/grupodeenlace.cescyl.es\/index.php?rest_route=\/wp\/v2\/posts\/341\/revisions\/420"}],"wp:attachment":[{"href":"https:\/\/grupodeenlace.cescyl.es\/index.php?rest_route=%2Fwp%2Fv2%2Fmedia&parent=341"}],"wp:term":[{"taxonomy":"category","embeddable":true,"href":"https:\/\/grupodeenlace.cescyl.es\/index.php?rest_route=%2Fwp%2Fv2%2Fcategories&post=341"},{"taxonomy":"post_tag","embeddable":true,"href":"https:\/\/grupodeenlace.cescyl.es\/index.php?rest_route=%2Fwp%2Fv2%2Ftags&post=341"}],"curies":[{"name":"wp","href":"https:\/\/api.w.org\/{rel}","templated":true}]}}