{"id":498,"date":"2020-11-04T13:49:00","date_gmt":"2020-11-04T11:49:00","guid":{"rendered":"http:\/\/grupodeenlace.cescyl.es\/?p=498"},"modified":"2020-11-04T13:53:54","modified_gmt":"2020-11-04T11:53:54","slug":"flash-de-actualidad-del-consejo-economico-y-social-de-castilla-y-leon-2","status":"publish","type":"post","link":"https:\/\/grupodeenlace.cescyl.es\/?p=498","title":{"rendered":"FLASH DE ACTUALIDAD DEL CONSEJO ECON\u00d3MICO Y SOCIAL DE CASTILLA Y LE\u00d3N"},"content":{"rendered":"\n<figure class=\"wp-block-image size-large\"><img loading=\"lazy\" decoding=\"async\" width=\"567\" height=\"172\" src=\"https:\/\/grupodeenlace.cescyl.es\/wp-content\/uploads\/2020\/11\/image-10.png\" alt=\"\" class=\"wp-image-499\" srcset=\"https:\/\/grupodeenlace.cescyl.es\/wp-content\/uploads\/2020\/11\/image-10.png 567w, https:\/\/grupodeenlace.cescyl.es\/wp-content\/uploads\/2020\/11\/image-10-300x91.png 300w\" sizes=\"auto, (max-width: 567px) 85vw, 567px\" \/><\/figure>\n\n\n\n<p><strong>PLAN NACIONAL DE ADAPTACI\u00d3N AL CAMBIO CLIM\u00c1CO 2021-2030<\/strong><\/p>\n\n\n\n<p>Este Plan constituye el instrumento de planificaci\u00f3n b\u00e1sico para promover la acci\u00f3n coordinada frente a los efectos del cambio clim\u00e1tico en Espa\u00f1a, sin perjuicio de las competencias que corresponden a las diversas administraciones p\u00fablicas. Este Plan define objetivos, criterios, \u00e1mbitos de trabajo y l\u00edneas de acci\u00f3n para fomentar la adaptaci\u00f3n y la resilencia frente al cambio clim\u00e1tico.<\/p>\n\n\n\n<ul class=\"wp-block-list\"><li>Ficha del CES: <a href=\"http:\/\/www.cescyl.es\/ces\/es\/publicaciones\/fichas-actualidad\/flash-actualidad-plan-nacional-adaptacion-cambio-climatico-\">http:\/\/www.cescyl.es\/ces\/es\/publicaciones\/fichas-actualidad\/flash-actualidad-plan-nacional-adaptacion-cambio-climatico-<\/a><\/li><\/ul>\n\n\n\n<ul class=\"wp-block-list\"><li>Plan: <a href=\"https:\/\/cutt.ly\/Bf2nS59\">https:\/\/cutt.ly\/Bf2nS59<\/a><\/li><\/ul>\n\n\n\n<p><strong>INFORME SOBRE J\u00d3VENES Y MERCADO DE TRABAJO EN ESPA\u00d1A (CES DE ESPA\u00d1A)<\/strong><\/p>\n\n\n\n<p>Informe aprobado en la sesi\u00f3n plenaria ordinaria de 30 de septiembre de 2020 del Consejo Econ\u00f3mico y Social del Reino de Espa\u00f1a, en el que se analiza la situaci\u00f3n de j\u00f3venes en el mercado de trabajo en Espa\u00f1a.<\/p>\n\n\n\n<ul class=\"wp-block-list\"><li>Ficha del CES: <a href=\"http:\/\/www.cescyl.es\/es\/publicaciones\/fichas-actualidad\/flash-actualidad-informe-jovenes-mercado-trabajo-espana\">http:\/\/www.cescyl.es\/es\/publicaciones\/fichas-actualidad\/flash-actualidad-informe-jovenes-mercado-trabajo-espana<\/a><\/li><\/ul>\n\n\n\n<p>Informe: <a href=\"http:\/\/www.ces.es\/documents\/10180\/5226728\/Inf0220.pdf\/1e9c9119-d709-29e3-6265-4c6cf138727d\">http:\/\/www.ces.es\/documents\/10180\/5226728\/Inf0220.pdf\/1e9c9119-d709-29e3-6265-4c6cf138727d<\/a><\/p>\n","protected":false},"excerpt":{"rendered":"<p>PLAN NACIONAL DE ADAPTACI\u00d3N AL CAMBIO CLIM\u00c1CO 2021-2030 Este Plan constituye el instrumento de planificaci\u00f3n b\u00e1sico para promover la acci\u00f3n coordinada frente a los efectos del cambio clim\u00e1tico en Espa\u00f1a, sin perjuicio de las competencias que corresponden a las diversas administraciones p\u00fablicas. Este Plan define objetivos, criterios, \u00e1mbitos de trabajo y l\u00edneas de acci\u00f3n para &hellip; <a href=\"https:\/\/grupodeenlace.cescyl.es\/?p=498\" class=\"more-link\">Continuar leyendo<span class=\"screen-reader-text\"> &#8220;FLASH DE ACTUALIDAD DEL CONSEJO ECON\u00d3MICO Y SOCIAL DE CASTILLA Y LE\u00d3N&#8221;<\/span><\/a><\/p>\n","protected":false},"author":2,"featured_media":0,"comment_status":"open","ping_status":"open","sticky":false,"template":"","format":"standard","meta":{"_s2mail":"","footnotes":""},"categories":[3],"tags":[],"class_list":["post-498","post","type-post","status-publish","format-standard","hentry","category-informacion-y-publicaciones-ces"],"_links":{"self":[{"href":"https:\/\/grupodeenlace.cescyl.es\/index.php?rest_route=\/wp\/v2\/posts\/498","targetHints":{"allow":["GET"]}}],"collection":[{"href":"https:\/\/grupodeenlace.cescyl.es\/index.php?rest_route=\/wp\/v2\/posts"}],"about":[{"href":"https:\/\/grupodeenlace.cescyl.es\/index.php?rest_route=\/wp\/v2\/types\/post"}],"author":[{"embeddable":true,"href":"https:\/\/grupodeenlace.cescyl.es\/index.php?rest_route=\/wp\/v2\/users\/2"}],"replies":[{"embeddable":true,"href":"https:\/\/grupodeenlace.cescyl.es\/index.php?rest_route=%2Fwp%2Fv2%2Fcomments&post=498"}],"version-history":[{"count":1,"href":"https:\/\/grupodeenlace.cescyl.es\/index.php?rest_route=\/wp\/v2\/posts\/498\/revisions"}],"predecessor-version":[{"id":500,"href":"https:\/\/grupodeenlace.cescyl.es\/index.php?rest_route=\/wp\/v2\/posts\/498\/revisions\/500"}],"wp:attachment":[{"href":"https:\/\/grupodeenlace.cescyl.es\/index.php?rest_route=%2Fwp%2Fv2%2Fmedia&parent=498"}],"wp:term":[{"taxonomy":"category","embeddable":true,"href":"https:\/\/grupodeenlace.cescyl.es\/index.php?rest_route=%2Fwp%2Fv2%2Fcategories&post=498"},{"taxonomy":"post_tag","embeddable":true,"href":"https:\/\/grupodeenlace.cescyl.es\/index.php?rest_route=%2Fwp%2Fv2%2Ftags&post=498"}],"curies":[{"name":"wp","href":"https:\/\/api.w.org\/{rel}","templated":true}]}}