{"id":50,"date":"2020-06-11T05:36:00","date_gmt":"2020-06-11T05:36:00","guid":{"rendered":"http:\/\/grupodeenlace.cescyl.es\/?p=50"},"modified":"2020-07-23T05:40:19","modified_gmt":"2020-07-23T05:40:19","slug":"derechos-fundamentales-y-el-estado-de-derecho-desde-la-perspectiva-de-la-sociedad-civil-cese","status":"publish","type":"post","link":"https:\/\/grupodeenlace.cescyl.es\/?p=50","title":{"rendered":"Derechos fundamentales y el estado de derecho desde la perspectiva de la sociedad civil (CESE)"},"content":{"rendered":"\n<figure class=\"wp-block-image size-large\"><img loading=\"lazy\" decoding=\"async\" width=\"567\" height=\"143\" src=\"https:\/\/grupodeenlace.cescyl.es\/wp-content\/uploads\/2020\/07\/image-3.png\" alt=\"\" class=\"wp-image-52\" srcset=\"https:\/\/grupodeenlace.cescyl.es\/wp-content\/uploads\/2020\/07\/image-3.png 567w, https:\/\/grupodeenlace.cescyl.es\/wp-content\/uploads\/2020\/07\/image-3-300x76.png 300w\" sizes=\"auto, (max-width: 567px) 85vw, 567px\" \/><\/figure>\n\n\n\n<p>El Grupo de Derechos Fundamentales y Estado de Derecho (FRRL) del Comit\u00e9 Econ\u00f3mico y Social Europeo (CESE) ha publicado un informe sobre la evoluci\u00f3n nacional en el \u00e1mbito de los derechos fundamentales y el estado de derecho desde la perspectiva de la sociedad civil,<br>Este Informe actualiza el informe provisional publicado en noviembre de 2019 e integra las principales conclusiones de la conferencia de alto nivel del CESE sobre el estado de derecho celebrada el mismo mes.<br><\/p>\n\n\n\n<p>Informe:<br><a href=\"https:\/\/www.eesc.europa.eu\/sites\/default\/files\/files\/20_42_a4_brochure_en.pdf\">https:\/\/www.eesc.europa.eu\/sites\/default\/files\/files\/20_42_a4_brochure_en.pdf<\/a><br><\/p>\n\n\n\n<p>Comunicado de Prensa<br><a href=\"https:\/\/www.eesc.europa.eu\/en\/news-media\/press-releases\/eesc-publishes-report-national-developments-area-fundamental-rights-and-rule-law-civil-society-perspective\">https:\/\/www.eesc.europa.eu\/en\/news-media\/press-releases\/eesc-publishes-report-national-developments-area-fundamental-rights-and-rule-law-civil-society-perspective<\/a><\/p>\n","protected":false},"excerpt":{"rendered":"<p>El Grupo de Derechos Fundamentales y Estado de Derecho (FRRL) del Comit\u00e9 Econ\u00f3mico y Social Europeo (CESE) ha publicado un informe sobre la evoluci\u00f3n nacional en el \u00e1mbito de los derechos fundamentales y el estado de derecho desde la perspectiva de la sociedad civil,Este Informe actualiza el informe provisional publicado en noviembre de 2019 e &hellip; <a href=\"https:\/\/grupodeenlace.cescyl.es\/?p=50\" class=\"more-link\">Continuar leyendo<span class=\"screen-reader-text\"> &#8220;Derechos fundamentales y el estado de derecho desde la perspectiva de la sociedad civil (CESE)&#8221;<\/span><\/a><\/p>\n","protected":false},"author":2,"featured_media":0,"comment_status":"open","ping_status":"open","sticky":false,"template":"","format":"standard","meta":{"_s2mail":"","footnotes":""},"categories":[4],"tags":[],"class_list":["post-50","post","type-post","status-publish","format-standard","hentry","category-informes-y-documentos"],"_links":{"self":[{"href":"https:\/\/grupodeenlace.cescyl.es\/index.php?rest_route=\/wp\/v2\/posts\/50","targetHints":{"allow":["GET"]}}],"collection":[{"href":"https:\/\/grupodeenlace.cescyl.es\/index.php?rest_route=\/wp\/v2\/posts"}],"about":[{"href":"https:\/\/grupodeenlace.cescyl.es\/index.php?rest_route=\/wp\/v2\/types\/post"}],"author":[{"embeddable":true,"href":"https:\/\/grupodeenlace.cescyl.es\/index.php?rest_route=\/wp\/v2\/users\/2"}],"replies":[{"embeddable":true,"href":"https:\/\/grupodeenlace.cescyl.es\/index.php?rest_route=%2Fwp%2Fv2%2Fcomments&post=50"}],"version-history":[{"count":1,"href":"https:\/\/grupodeenlace.cescyl.es\/index.php?rest_route=\/wp\/v2\/posts\/50\/revisions"}],"predecessor-version":[{"id":53,"href":"https:\/\/grupodeenlace.cescyl.es\/index.php?rest_route=\/wp\/v2\/posts\/50\/revisions\/53"}],"wp:attachment":[{"href":"https:\/\/grupodeenlace.cescyl.es\/index.php?rest_route=%2Fwp%2Fv2%2Fmedia&parent=50"}],"wp:term":[{"taxonomy":"category","embeddable":true,"href":"https:\/\/grupodeenlace.cescyl.es\/index.php?rest_route=%2Fwp%2Fv2%2Fcategories&post=50"},{"taxonomy":"post_tag","embeddable":true,"href":"https:\/\/grupodeenlace.cescyl.es\/index.php?rest_route=%2Fwp%2Fv2%2Ftags&post=50"}],"curies":[{"name":"wp","href":"https:\/\/api.w.org\/{rel}","templated":true}]}}