{"id":507,"date":"2020-11-05T15:58:18","date_gmt":"2020-11-05T13:58:18","guid":{"rendered":"http:\/\/grupodeenlace.cescyl.es\/?p=507"},"modified":"2020-11-13T14:14:18","modified_gmt":"2020-11-13T12:14:18","slug":"el-colectivo-tierra-de-campos-investiga-la-realidad-de-las-personas-mayores-del-medio-rural","status":"publish","type":"post","link":"https:\/\/grupodeenlace.cescyl.es\/?p=507","title":{"rendered":"El Colectivo Tierra de Campos investiga la realidad de las personas mayores del medio rural"},"content":{"rendered":"\n<p>La aplicaci\u00f3n de enfoques innovadores en la ejecuci\u00f3n de la Estrategia LEADER &#8216;Campos y Torozos 2020&#8217; que desarrolla el GAL \u2018Asociaci\u00f3n Colectivo para el Desarrollo Rural de Tierra de Campos\u2019, desde 2016, est\u00e1 permitiendo aportar nuevas soluciones a la realidad de un territorio rural despoblado, envejecido y masculinizado. Estas soluciones parten del <strong>enfoque participativo<\/strong> o enfoque bottom-up <em>\u2013 uno de los principios fundamentales de la metodolog\u00eda LEADER &#8211;<\/em> donde se fomenta la <strong>participaci\u00f3n en el desarrollo rural de los territorios mediante la implicaci\u00f3n de las comunidades locales<\/strong>, como los mayores expertos en su propio territorio. Por lo tanto, es la poblaci\u00f3n afectada por los problemas y carencias quienes poseen la legitimidad para <strong>estudiar posibles soluciones, dise\u00f1ar las estrategias y con el acompa\u00f1amiento del GAL y de las instituciones p\u00fablicas, ponerlas en pr\u00e1ctica y responsabilizarse de sus resultados.<\/strong><\/p>\n\n\n\n<p>Tomando como referencia este principio, en pr\u00f3ximos d\u00edas se pondr\u00e1 en marcha un <strong>proceso de investigaci\u00f3n para conocer las necesidades de las personas mayores en los municipios de \u2018Campos y Torozos\u2019<\/strong>. La encuesta se podr\u00e1 cumplimentar de manera <strong>on line<\/strong> a trav\u00e9s del siguiente enlace: <a href=\"https:\/\/cutt.ly\/wgTQlBx\">https:\/\/cutt.ly\/wgTQlBx<\/a>. Este estudio se complementa con la realizaci\u00f3n de encuentros presenciales en diferentes municipios.<\/p>\n\n\n\n<p>CIVITAS lo forman una serie de acciones orientadas a lograr que tanto las personas mayores del territorio como la poblaci\u00f3n activa de este mismo territorio, <strong>dispongan de recursos para paliar sus respectivas problem\u00e1tica,<\/strong> a saber: en el caso de las personas mayores el <strong>disponer de una atenci\u00f3n en casa para que puedan permanecer durante toda su vida en sus hogares sin necesidad de ser institucionalizadas<\/strong>; y en el caso de la poblaci\u00f3n activa, el <strong>tener una oportunidad de empleo<\/strong> en una zona cr\u00f3nicamente afectada por el desempleo. A su vez, ambas posibilidades van a redundar en que se fije poblaci\u00f3n y se frene el proceso de despoblaci\u00f3n territorial.<\/p>\n\n\n\n<div class=\"wp-block-image\"><figure class=\"aligncenter size-large\"><img loading=\"lazy\" decoding=\"async\" width=\"509\" height=\"468\" src=\"https:\/\/grupodeenlace.cescyl.es\/wp-content\/uploads\/2020\/11\/image-19.png\" alt=\"\" class=\"wp-image-531\" srcset=\"https:\/\/grupodeenlace.cescyl.es\/wp-content\/uploads\/2020\/11\/image-19.png 509w, https:\/\/grupodeenlace.cescyl.es\/wp-content\/uploads\/2020\/11\/image-19-300x276.png 300w\" sizes=\"auto, (max-width: 509px) 85vw, 509px\" \/><\/figure><\/div>\n","protected":false},"excerpt":{"rendered":"<p>La aplicaci\u00f3n de enfoques innovadores en la ejecuci\u00f3n de la Estrategia LEADER &#8216;Campos y Torozos 2020&#8217; que desarrolla el GAL \u2018Asociaci\u00f3n Colectivo para el Desarrollo Rural de Tierra de Campos\u2019, desde 2016, est\u00e1 permitiendo aportar nuevas soluciones a la realidad de un territorio rural despoblado, envejecido y masculinizado. Estas soluciones parten del enfoque participativo o &hellip; <a href=\"https:\/\/grupodeenlace.cescyl.es\/?p=507\" class=\"more-link\">Continuar leyendo<span class=\"screen-reader-text\"> &#8220;El Colectivo Tierra de Campos investiga la realidad de las personas mayores del medio rural&#8221;<\/span><\/a><\/p>\n","protected":false},"author":2,"featured_media":0,"comment_status":"open","ping_status":"open","sticky":false,"template":"","format":"standard","meta":{"_s2mail":"yes","footnotes":""},"categories":[10],"tags":[],"class_list":["post-507","post","type-post","status-publish","format-standard","hentry","category-noticias-de-los-miembros-del-grupo"],"_links":{"self":[{"href":"https:\/\/grupodeenlace.cescyl.es\/index.php?rest_route=\/wp\/v2\/posts\/507","targetHints":{"allow":["GET"]}}],"collection":[{"href":"https:\/\/grupodeenlace.cescyl.es\/index.php?rest_route=\/wp\/v2\/posts"}],"about":[{"href":"https:\/\/grupodeenlace.cescyl.es\/index.php?rest_route=\/wp\/v2\/types\/post"}],"author":[{"embeddable":true,"href":"https:\/\/grupodeenlace.cescyl.es\/index.php?rest_route=\/wp\/v2\/users\/2"}],"replies":[{"embeddable":true,"href":"https:\/\/grupodeenlace.cescyl.es\/index.php?rest_route=%2Fwp%2Fv2%2Fcomments&post=507"}],"version-history":[{"count":4,"href":"https:\/\/grupodeenlace.cescyl.es\/index.php?rest_route=\/wp\/v2\/posts\/507\/revisions"}],"predecessor-version":[{"id":532,"href":"https:\/\/grupodeenlace.cescyl.es\/index.php?rest_route=\/wp\/v2\/posts\/507\/revisions\/532"}],"wp:attachment":[{"href":"https:\/\/grupodeenlace.cescyl.es\/index.php?rest_route=%2Fwp%2Fv2%2Fmedia&parent=507"}],"wp:term":[{"taxonomy":"category","embeddable":true,"href":"https:\/\/grupodeenlace.cescyl.es\/index.php?rest_route=%2Fwp%2Fv2%2Fcategories&post=507"},{"taxonomy":"post_tag","embeddable":true,"href":"https:\/\/grupodeenlace.cescyl.es\/index.php?rest_route=%2Fwp%2Fv2%2Ftags&post=507"}],"curies":[{"name":"wp","href":"https:\/\/api.w.org\/{rel}","templated":true}]}}