{"id":604,"date":"2020-12-21T14:10:01","date_gmt":"2020-12-21T13:10:01","guid":{"rendered":"http:\/\/grupodeenlace.cescyl.es\/?p=604"},"modified":"2020-12-21T14:10:01","modified_gmt":"2020-12-21T13:10:01","slug":"concedido-el-i-premio-internacional-a-los-derechos-humanos-escuela-de-salamanca-a-la-onu","status":"publish","type":"post","link":"https:\/\/grupodeenlace.cescyl.es\/?p=604","title":{"rendered":"Concedido el I Premio Internacional a los Derechos Humanos \u201cEscuela de Salamanca\u201d a la ONU"},"content":{"rendered":"\n<p>El Premio Internacional a los Derechos Humanos &#8220;Escuela de Salamanca&#8221;, creado por la Junta de Castilla y Le\u00f3n, el Consejo Econ\u00f3mico y Social y la Universidad de Salamanca, ser\u00e1 en su primera edici\u00f3n para la Organizaci\u00f3n de las Naciones Unidas coincidiendo con el 75 aniversario de su constituci\u00f3n. El jurado presidido por el presidente de la Junta de Castilla y Le\u00f3n, Alfonso Fern\u00e1ndez Ma\u00f1ueco, ha decidido por unanimidad premiar a la ONU con este galard\u00f3n que reconoce el compromiso en la defensa, la garant\u00eda y la tutela de los derechos humanos, as\u00ed como las aportaciones relevantes al reconocimiento, la promoci\u00f3n, la difusi\u00f3n o el estudio de los derechos humanos a nivel nacional o internacional.<\/p>\n\n\n\n<p><a href=\"http:\/\/www.cescyl.es\/es\/actualidad\/actualidad-cescyl\/concedido-i-premio-internacional-derechos-humanos-escuela-s\">http:\/\/www.cescyl.es\/es\/actualidad\/actualidad-cescyl\/concedido-i-premio-internacional-derechos-humanos-escuela-s<\/a><\/p>\n\n\n\n<figure class=\"wp-block-image size-large\"><img loading=\"lazy\" decoding=\"async\" width=\"1024\" height=\"241\" src=\"https:\/\/grupodeenlace.cescyl.es\/wp-content\/uploads\/2020\/12\/ptremio-1024x241.jpg\" alt=\"\" class=\"wp-image-605\" srcset=\"https:\/\/grupodeenlace.cescyl.es\/wp-content\/uploads\/2020\/12\/ptremio-1024x241.jpg 1024w, https:\/\/grupodeenlace.cescyl.es\/wp-content\/uploads\/2020\/12\/ptremio-300x71.jpg 300w, https:\/\/grupodeenlace.cescyl.es\/wp-content\/uploads\/2020\/12\/ptremio-768x181.jpg 768w, https:\/\/grupodeenlace.cescyl.es\/wp-content\/uploads\/2020\/12\/ptremio.jpg 1027w\" sizes=\"auto, (max-width: 709px) 85vw, (max-width: 909px) 67vw, (max-width: 1362px) 62vw, 840px\" \/><\/figure>\n\n\n\n<p><img loading=\"lazy\" decoding=\"async\" width=\"685\" height=\"161\" src=\"\"><\/p>\n\n\n\n<p><\/p>\n\n\n\n<p><img loading=\"lazy\" decoding=\"async\" width=\"685\" height=\"161\" src=\"\"><\/p>\n","protected":false},"excerpt":{"rendered":"<p>El Premio Internacional a los Derechos Humanos &#8220;Escuela de Salamanca&#8221;, creado por la Junta de Castilla y Le\u00f3n, el Consejo Econ\u00f3mico y Social y la Universidad de Salamanca, ser\u00e1 en su primera edici\u00f3n para la Organizaci\u00f3n de las Naciones Unidas coincidiendo con el 75 aniversario de su constituci\u00f3n. El jurado presidido por el presidente de &hellip; <a href=\"https:\/\/grupodeenlace.cescyl.es\/?p=604\" class=\"more-link\">Continuar leyendo<span class=\"screen-reader-text\"> &#8220;Concedido el I Premio Internacional a los Derechos Humanos \u201cEscuela de Salamanca\u201d a la ONU&#8221;<\/span><\/a><\/p>\n","protected":false},"author":2,"featured_media":0,"comment_status":"open","ping_status":"open","sticky":false,"template":"","format":"standard","meta":{"_s2mail":"yes","footnotes":""},"categories":[3],"tags":[],"class_list":["post-604","post","type-post","status-publish","format-standard","hentry","category-informacion-y-publicaciones-ces"],"_links":{"self":[{"href":"https:\/\/grupodeenlace.cescyl.es\/index.php?rest_route=\/wp\/v2\/posts\/604","targetHints":{"allow":["GET"]}}],"collection":[{"href":"https:\/\/grupodeenlace.cescyl.es\/index.php?rest_route=\/wp\/v2\/posts"}],"about":[{"href":"https:\/\/grupodeenlace.cescyl.es\/index.php?rest_route=\/wp\/v2\/types\/post"}],"author":[{"embeddable":true,"href":"https:\/\/grupodeenlace.cescyl.es\/index.php?rest_route=\/wp\/v2\/users\/2"}],"replies":[{"embeddable":true,"href":"https:\/\/grupodeenlace.cescyl.es\/index.php?rest_route=%2Fwp%2Fv2%2Fcomments&post=604"}],"version-history":[{"count":1,"href":"https:\/\/grupodeenlace.cescyl.es\/index.php?rest_route=\/wp\/v2\/posts\/604\/revisions"}],"predecessor-version":[{"id":606,"href":"https:\/\/grupodeenlace.cescyl.es\/index.php?rest_route=\/wp\/v2\/posts\/604\/revisions\/606"}],"wp:attachment":[{"href":"https:\/\/grupodeenlace.cescyl.es\/index.php?rest_route=%2Fwp%2Fv2%2Fmedia&parent=604"}],"wp:term":[{"taxonomy":"category","embeddable":true,"href":"https:\/\/grupodeenlace.cescyl.es\/index.php?rest_route=%2Fwp%2Fv2%2Fcategories&post=604"},{"taxonomy":"post_tag","embeddable":true,"href":"https:\/\/grupodeenlace.cescyl.es\/index.php?rest_route=%2Fwp%2Fv2%2Ftags&post=604"}],"curies":[{"name":"wp","href":"https:\/\/api.w.org\/{rel}","templated":true}]}}