{"id":610,"date":"2020-12-21T14:20:46","date_gmt":"2020-12-21T13:20:46","guid":{"rendered":"http:\/\/grupodeenlace.cescyl.es\/?p=610"},"modified":"2020-12-21T14:20:46","modified_gmt":"2020-12-21T13:20:46","slug":"informes-previos-aprobados-en-el-pleno-del-consejo-economico-y-social-de-17-de-diciembre-de-2020","status":"publish","type":"post","link":"https:\/\/grupodeenlace.cescyl.es\/?p=610","title":{"rendered":"Informes Previos aprobados en el Pleno del Consejo Econ\u00f3mico y Social de 17 de diciembre de 2020"},"content":{"rendered":"\n<p><strong>E<\/strong>n el Pleno de la Instituci\u00f3n de 17 de diciembre de 2020 se aprob\u00f3:<\/p>\n\n\n\n<ul class=\"wp-block-list\"><li>Informe Previo sobre el Proyecto de Decreto por el que se regula la gesti\u00f3n y transferencia de los resultados de las actividades de investigaci\u00f3n, desarrollo e innovaci\u00f3n obtenidos en el \u00e1mbito del Servicio de Salud de Castilla y Le\u00f3n. <strong><\/strong><\/li><\/ul>\n\n\n\n<p><a href=\"http:\/\/www.cescyl.es\/es\/publicaciones\/informes-previos\/informe-previo-proyecto-decreto-regula-gestion-transferenci\">http:\/\/www.cescyl.es\/es\/publicaciones\/informes-previos\/informe-previo-proyecto-decreto-regula-gestion-transferenci<\/a><\/p>\n\n\n\n<figure class=\"wp-block-image size-large\"><img loading=\"lazy\" decoding=\"async\" width=\"180\" height=\"254\" src=\"https:\/\/grupodeenlace.cescyl.es\/wp-content\/uploads\/2020\/12\/1.jpg\" alt=\"\" class=\"wp-image-612\"\/><\/figure>\n\n\n\n<ul class=\"wp-block-list\"><li>Informe Previo sobre el Proyecto de Decreto por el que se regula el r\u00e9gimen jur\u00eddico del concierto social en determinados \u00e1mbitos del sistema de servicios sociales de responsabilidad p\u00fablica en Castilla y Le\u00f3n<\/li><\/ul>\n\n\n\n<p><a href=\"http:\/\/www.cescyl.es\/es\/publicaciones\/informes-previos\/informe-previo-proyecto-decreto-regula-regimen-juridico-con\">http:\/\/www.cescyl.es\/es\/publicaciones\/informes-previos\/informe-previo-proyecto-decreto-regula-regimen-juridico-con<\/a><\/p>\n\n\n\n<div class=\"wp-block-image\"><figure class=\"alignleft size-large is-resized\"><img loading=\"lazy\" decoding=\"async\" src=\"https:\/\/grupodeenlace.cescyl.es\/wp-content\/uploads\/2020\/12\/2.jpg\" alt=\"\" class=\"wp-image-613\" width=\"187\" height=\"264\" srcset=\"https:\/\/grupodeenlace.cescyl.es\/wp-content\/uploads\/2020\/12\/2.jpg 293w, https:\/\/grupodeenlace.cescyl.es\/wp-content\/uploads\/2020\/12\/2-213x300.jpg 213w\" sizes=\"auto, (max-width: 187px) 85vw, 187px\" \/><\/figure><\/div>\n","protected":false},"excerpt":{"rendered":"<p>En el Pleno de la Instituci\u00f3n de 17 de diciembre de 2020 se aprob\u00f3: Informe Previo sobre el Proyecto de Decreto por el que se regula la gesti\u00f3n y transferencia de los resultados de las actividades de investigaci\u00f3n, desarrollo e innovaci\u00f3n obtenidos en el \u00e1mbito del Servicio de Salud de Castilla y Le\u00f3n. http:\/\/www.cescyl.es\/es\/publicaciones\/informes-previos\/informe-previo-proyecto-decreto-regula-gestion-transferenci Informe &hellip; <a href=\"https:\/\/grupodeenlace.cescyl.es\/?p=610\" class=\"more-link\">Continuar leyendo<span class=\"screen-reader-text\"> &#8220;Informes Previos aprobados en el Pleno del Consejo Econ\u00f3mico y Social de 17 de diciembre de 2020&#8221;<\/span><\/a><\/p>\n","protected":false},"author":2,"featured_media":0,"comment_status":"open","ping_status":"open","sticky":false,"template":"","format":"standard","meta":{"_s2mail":"yes","footnotes":""},"categories":[3],"tags":[],"class_list":["post-610","post","type-post","status-publish","format-standard","hentry","category-informacion-y-publicaciones-ces"],"_links":{"self":[{"href":"https:\/\/grupodeenlace.cescyl.es\/index.php?rest_route=\/wp\/v2\/posts\/610","targetHints":{"allow":["GET"]}}],"collection":[{"href":"https:\/\/grupodeenlace.cescyl.es\/index.php?rest_route=\/wp\/v2\/posts"}],"about":[{"href":"https:\/\/grupodeenlace.cescyl.es\/index.php?rest_route=\/wp\/v2\/types\/post"}],"author":[{"embeddable":true,"href":"https:\/\/grupodeenlace.cescyl.es\/index.php?rest_route=\/wp\/v2\/users\/2"}],"replies":[{"embeddable":true,"href":"https:\/\/grupodeenlace.cescyl.es\/index.php?rest_route=%2Fwp%2Fv2%2Fcomments&post=610"}],"version-history":[{"count":3,"href":"https:\/\/grupodeenlace.cescyl.es\/index.php?rest_route=\/wp\/v2\/posts\/610\/revisions"}],"predecessor-version":[{"id":615,"href":"https:\/\/grupodeenlace.cescyl.es\/index.php?rest_route=\/wp\/v2\/posts\/610\/revisions\/615"}],"wp:attachment":[{"href":"https:\/\/grupodeenlace.cescyl.es\/index.php?rest_route=%2Fwp%2Fv2%2Fmedia&parent=610"}],"wp:term":[{"taxonomy":"category","embeddable":true,"href":"https:\/\/grupodeenlace.cescyl.es\/index.php?rest_route=%2Fwp%2Fv2%2Fcategories&post=610"},{"taxonomy":"post_tag","embeddable":true,"href":"https:\/\/grupodeenlace.cescyl.es\/index.php?rest_route=%2Fwp%2Fv2%2Ftags&post=610"}],"curies":[{"name":"wp","href":"https:\/\/api.w.org\/{rel}","templated":true}]}}