{"id":617,"date":"2021-01-14T12:02:00","date_gmt":"2021-01-14T11:02:00","guid":{"rendered":"http:\/\/grupodeenlace.cescyl.es\/?p=617"},"modified":"2021-01-14T12:06:55","modified_gmt":"2021-01-14T11:06:55","slug":"modificacion-de-las-prestaciones-del-sistema-para-la-autonomia-y-atencion-a-la-dependencia-en-castilla-y-leon","status":"publish","type":"post","link":"https:\/\/grupodeenlace.cescyl.es\/?p=617","title":{"rendered":"Modificaci\u00f3n de las prestaciones del Sistema para la Autonom\u00eda y Atenci\u00f3n a la Dependencia en Castilla y Le\u00f3n"},"content":{"rendered":"\n<p>Con esta modificaci\u00f3n se incrementa la prestaci\u00f3n econ\u00f3mica vinculada al servicio, se ampl\u00eda la prestaci\u00f3n econ\u00f3mica para cuidados en el entorno familiar y apoyo a cuidadores no profesionales, y aumenta la prestaci\u00f3n econ\u00f3mica de asistencia personal.<\/p>\n\n\n\n<p><strong>ORDEN FAM\/1\/2021, de 4 de enero, por la que se modifica la Orden FAM\/6\/2018, de 11 de enero.<\/strong><\/p>\n\n\n\n<p><strong>BOCYL de 14 de enero de 2021.<\/strong><\/p>\n\n\n\n<p><a href=\"http:\/\/bocyl.jcyl.es\/html\/2021\/01\/14\/html\/BOCYL-D-14012021-1.do\">http:\/\/bocyl.jcyl.es\/html\/2021\/01\/14\/html\/BOCYL-D-14012021-1.do<\/a><\/p>\n","protected":false},"excerpt":{"rendered":"<p>Con esta modificaci\u00f3n se incrementa la prestaci\u00f3n econ\u00f3mica vinculada al servicio, se ampl\u00eda la prestaci\u00f3n econ\u00f3mica para cuidados en el entorno familiar y apoyo a cuidadores no profesionales, y aumenta la prestaci\u00f3n econ\u00f3mica de asistencia personal. ORDEN FAM\/1\/2021, de 4 de enero, por la que se modifica la Orden FAM\/6\/2018, de 11 de enero. BOCYL &hellip; <a href=\"https:\/\/grupodeenlace.cescyl.es\/?p=617\" class=\"more-link\">Continuar leyendo<span class=\"screen-reader-text\"> &#8220;Modificaci\u00f3n de las prestaciones del Sistema para la Autonom\u00eda y Atenci\u00f3n a la Dependencia en Castilla y Le\u00f3n&#8221;<\/span><\/a><\/p>\n","protected":false},"author":2,"featured_media":0,"comment_status":"open","ping_status":"open","sticky":false,"template":"","format":"standard","meta":{"_s2mail":"","footnotes":""},"categories":[2],"tags":[],"class_list":["post-617","post","type-post","status-publish","format-standard","hentry","category-normativa"],"_links":{"self":[{"href":"https:\/\/grupodeenlace.cescyl.es\/index.php?rest_route=\/wp\/v2\/posts\/617","targetHints":{"allow":["GET"]}}],"collection":[{"href":"https:\/\/grupodeenlace.cescyl.es\/index.php?rest_route=\/wp\/v2\/posts"}],"about":[{"href":"https:\/\/grupodeenlace.cescyl.es\/index.php?rest_route=\/wp\/v2\/types\/post"}],"author":[{"embeddable":true,"href":"https:\/\/grupodeenlace.cescyl.es\/index.php?rest_route=\/wp\/v2\/users\/2"}],"replies":[{"embeddable":true,"href":"https:\/\/grupodeenlace.cescyl.es\/index.php?rest_route=%2Fwp%2Fv2%2Fcomments&post=617"}],"version-history":[{"count":1,"href":"https:\/\/grupodeenlace.cescyl.es\/index.php?rest_route=\/wp\/v2\/posts\/617\/revisions"}],"predecessor-version":[{"id":618,"href":"https:\/\/grupodeenlace.cescyl.es\/index.php?rest_route=\/wp\/v2\/posts\/617\/revisions\/618"}],"wp:attachment":[{"href":"https:\/\/grupodeenlace.cescyl.es\/index.php?rest_route=%2Fwp%2Fv2%2Fmedia&parent=617"}],"wp:term":[{"taxonomy":"category","embeddable":true,"href":"https:\/\/grupodeenlace.cescyl.es\/index.php?rest_route=%2Fwp%2Fv2%2Fcategories&post=617"},{"taxonomy":"post_tag","embeddable":true,"href":"https:\/\/grupodeenlace.cescyl.es\/index.php?rest_route=%2Fwp%2Fv2%2Ftags&post=617"}],"curies":[{"name":"wp","href":"https:\/\/api.w.org\/{rel}","templated":true}]}}