{"id":623,"date":"2021-01-18T13:43:00","date_gmt":"2021-01-18T12:43:00","guid":{"rendered":"http:\/\/grupodeenlace.cescyl.es\/?p=623"},"modified":"2021-01-18T13:45:43","modified_gmt":"2021-01-18T12:45:43","slug":"sistemas-de-proteccion-de-menores-de-edad-en-situacion-de-riesgo-o-de-desamparo","status":"publish","type":"post","link":"https:\/\/grupodeenlace.cescyl.es\/?p=623","title":{"rendered":"Sistemas de protecci\u00f3n de menores de edad en situaci\u00f3n de riesgo o de desamparo"},"content":{"rendered":"\n<p>El Decreto publicado en el BOCYL modifica el Decreto 131\/2003, de 13 de noviembre, estableciendo un sistema coordinado de actuaci\u00f3n inmediata interinstitucional e interadministrativa, ante la detecci\u00f3n de menores de edad en situaci\u00f3n de riesgo o desamparo en Castilla y Le\u00f3n.<\/p>\n\n\n\n<p><strong>Decreto 1\/2021, de 14 de enero<\/strong><\/p>\n\n\n\n<p><strong>BOCYL de 18 de enero de 2021.<\/strong><\/p>\n\n\n\n<p><a href=\"http:\/\/bocyl.jcyl.es\/html\/2021\/01\/18\/html\/BOCYL-D-18012021-1.do\">http:\/\/bocyl.jcyl.es\/html\/2021\/01\/18\/html\/BOCYL-D-18012021-1.do<\/a><\/p>\n","protected":false},"excerpt":{"rendered":"<p>El Decreto publicado en el BOCYL modifica el Decreto 131\/2003, de 13 de noviembre, estableciendo un sistema coordinado de actuaci\u00f3n inmediata interinstitucional e interadministrativa, ante la detecci\u00f3n de menores de edad en situaci\u00f3n de riesgo o desamparo en Castilla y Le\u00f3n. Decreto 1\/2021, de 14 de enero BOCYL de 18 de enero de 2021. http:\/\/bocyl.jcyl.es\/html\/2021\/01\/18\/html\/BOCYL-D-18012021-1.do<\/p>\n","protected":false},"author":2,"featured_media":0,"comment_status":"open","ping_status":"open","sticky":false,"template":"","format":"standard","meta":{"_s2mail":"yes","footnotes":""},"categories":[2],"tags":[],"class_list":["post-623","post","type-post","status-publish","format-standard","hentry","category-normativa"],"_links":{"self":[{"href":"https:\/\/grupodeenlace.cescyl.es\/index.php?rest_route=\/wp\/v2\/posts\/623","targetHints":{"allow":["GET"]}}],"collection":[{"href":"https:\/\/grupodeenlace.cescyl.es\/index.php?rest_route=\/wp\/v2\/posts"}],"about":[{"href":"https:\/\/grupodeenlace.cescyl.es\/index.php?rest_route=\/wp\/v2\/types\/post"}],"author":[{"embeddable":true,"href":"https:\/\/grupodeenlace.cescyl.es\/index.php?rest_route=\/wp\/v2\/users\/2"}],"replies":[{"embeddable":true,"href":"https:\/\/grupodeenlace.cescyl.es\/index.php?rest_route=%2Fwp%2Fv2%2Fcomments&post=623"}],"version-history":[{"count":1,"href":"https:\/\/grupodeenlace.cescyl.es\/index.php?rest_route=\/wp\/v2\/posts\/623\/revisions"}],"predecessor-version":[{"id":624,"href":"https:\/\/grupodeenlace.cescyl.es\/index.php?rest_route=\/wp\/v2\/posts\/623\/revisions\/624"}],"wp:attachment":[{"href":"https:\/\/grupodeenlace.cescyl.es\/index.php?rest_route=%2Fwp%2Fv2%2Fmedia&parent=623"}],"wp:term":[{"taxonomy":"category","embeddable":true,"href":"https:\/\/grupodeenlace.cescyl.es\/index.php?rest_route=%2Fwp%2Fv2%2Fcategories&post=623"},{"taxonomy":"post_tag","embeddable":true,"href":"https:\/\/grupodeenlace.cescyl.es\/index.php?rest_route=%2Fwp%2Fv2%2Ftags&post=623"}],"curies":[{"name":"wp","href":"https:\/\/api.w.org\/{rel}","templated":true}]}}