{"id":628,"date":"2021-01-19T09:29:00","date_gmt":"2021-01-19T08:29:00","guid":{"rendered":"http:\/\/grupodeenlace.cescyl.es\/?p=628"},"modified":"2021-01-19T09:36:07","modified_gmt":"2021-01-19T08:36:07","slug":"cuadernos-para-la-reconstruccion-economica-y-social-no21","status":"publish","type":"post","link":"https:\/\/grupodeenlace.cescyl.es\/?p=628","title":{"rendered":"Cuadernos para la reconstrucci\u00f3n econ\u00f3mica y social N\u00ba21"},"content":{"rendered":"\n<figure class=\"wp-block-image size-large is-resized\"><img loading=\"lazy\" decoding=\"async\" src=\"https:\/\/grupodeenlace.cescyl.es\/wp-content\/uploads\/2021\/01\/image-2.png\" alt=\"\" class=\"wp-image-629\" width=\"590\" height=\"74\" srcset=\"https:\/\/grupodeenlace.cescyl.es\/wp-content\/uploads\/2021\/01\/image-2.png 465w, https:\/\/grupodeenlace.cescyl.es\/wp-content\/uploads\/2021\/01\/image-2-300x37.png 300w\" sizes=\"auto, (max-width: 590px) 85vw, 590px\" \/><\/figure>\n\n\n\n<p><\/p>\n\n\n\n<p><strong>Inmersos en el segundo a\u00f1o de pandemia. Autor: Enrique Cabero Mor\u00e1n.<\/strong><\/p>\n\n\n\n<figure class=\"wp-block-embed-wordpress wp-block-embed is-type-wp-embed is-provider-cuadernos-para-la-reconstruccion-economica-y-social\"><div class=\"wp-block-embed__wrapper\">\n<blockquote class=\"wp-embedded-content\" data-secret=\"jJWkhFAEDu\"><a href=\"http:\/\/cres.cescyl.es\/inmersos-en-el-segundo-ano-de-pandemia\/\">Inmersos en el segundo a\u00f1o de pandemia<\/a><\/blockquote><iframe loading=\"lazy\" class=\"wp-embedded-content\" sandbox=\"allow-scripts\" security=\"restricted\" style=\"position: absolute; clip: rect(1px, 1px, 1px, 1px);\" title=\"\u00abInmersos en el segundo a\u00f1o de pandemia\u00bb \u2014 Cuadernos para la reconstrucci\u00f3n econ\u00f3mica y social\" src=\"http:\/\/cres.cescyl.es\/inmersos-en-el-segundo-ano-de-pandemia\/embed\/#?secret=jJWkhFAEDu\" data-secret=\"jJWkhFAEDu\" width=\"600\" height=\"338\" frameborder=\"0\" marginwidth=\"0\" marginheight=\"0\" scrolling=\"no\"><\/iframe>\n<\/div><\/figure>\n\n\n\n<p><\/p>\n\n\n\n<p><strong>La salud mental de los trabajadores: una prioridad para las empresas en la era post-Covid-19 (I). Autora: Mar\u00eda Luisa Mart\u00edn Hern\u00e1ndez.<\/strong><\/p>\n\n\n\n<figure class=\"wp-block-embed-wordpress wp-block-embed is-type-wp-embed is-provider-cuadernos-para-la-reconstruccion-economica-y-social\"><div class=\"wp-block-embed__wrapper\">\n<blockquote class=\"wp-embedded-content\" data-secret=\"AuuZfYs2Gx\"><a href=\"http:\/\/cres.cescyl.es\/la-salud-mental-de-los-trabajadores-una-prioridad-para-las-empresas-en-la-era-post-covid-19-i\/\">La salud mental de los trabajadores: una prioridad para las empresas en la era post-Covid-19 (I)<\/a><\/blockquote><iframe loading=\"lazy\" class=\"wp-embedded-content\" sandbox=\"allow-scripts\" security=\"restricted\" style=\"position: absolute; clip: rect(1px, 1px, 1px, 1px);\" title=\"\u00abLa salud mental de los trabajadores: una prioridad para las empresas en la era post-Covid-19 (I)\u00bb \u2014 Cuadernos para la reconstrucci\u00f3n econ\u00f3mica y social\" src=\"http:\/\/cres.cescyl.es\/la-salud-mental-de-los-trabajadores-una-prioridad-para-las-empresas-en-la-era-post-covid-19-i\/embed\/#?secret=AuuZfYs2Gx\" data-secret=\"AuuZfYs2Gx\" width=\"600\" height=\"338\" frameborder=\"0\" marginwidth=\"0\" marginheight=\"0\" scrolling=\"no\"><\/iframe>\n<\/div><\/figure>\n\n\n\n<p><strong>La salud mental de los trabajadores: una prioridad para las empresas en la era post-Covid-19 (y II). Autora: Mar\u00eda Luisa Mart\u00edn Hern\u00e1ndez.<\/strong><\/p>\n\n\n\n<figure class=\"wp-block-embed-wordpress wp-block-embed is-type-wp-embed is-provider-cuadernos-para-la-reconstruccion-economica-y-social\"><div class=\"wp-block-embed__wrapper\">\n<blockquote class=\"wp-embedded-content\" data-secret=\"17j8XFhtai\"><a href=\"http:\/\/cres.cescyl.es\/la-salud-mental-de-los-trabajadores-una-prioridad-para-las-empresas-en-la-era-post-covid-19-y-ii\/\">La salud mental de los trabajadores: una prioridad para las empresas en la era post-Covid-19 (y II)<\/a><\/blockquote><iframe loading=\"lazy\" class=\"wp-embedded-content\" sandbox=\"allow-scripts\" security=\"restricted\" style=\"position: absolute; clip: rect(1px, 1px, 1px, 1px);\" title=\"\u00abLa salud mental de los trabajadores: una prioridad para las empresas en la era post-Covid-19 (y II)\u00bb \u2014 Cuadernos para la reconstrucci\u00f3n econ\u00f3mica y social\" src=\"http:\/\/cres.cescyl.es\/la-salud-mental-de-los-trabajadores-una-prioridad-para-las-empresas-en-la-era-post-covid-19-y-ii\/embed\/#?secret=17j8XFhtai\" data-secret=\"17j8XFhtai\" width=\"600\" height=\"338\" frameborder=\"0\" marginwidth=\"0\" marginheight=\"0\" scrolling=\"no\"><\/iframe>\n<\/div><\/figure>\n\n\n\n<p><strong>Dos nuevas publicaciones electr\u00f3nicas para difundir la actividad del CES durante la pandemia. Autor: Equipo T\u00e9cnico del CES.<\/strong><\/p>\n\n\n\n<figure class=\"wp-block-embed-wordpress wp-block-embed is-type-wp-embed is-provider-cuadernos-para-la-reconstruccion-economica-y-social\"><div class=\"wp-block-embed__wrapper\">\n<blockquote class=\"wp-embedded-content\" data-secret=\"ZAivjItqes\"><a href=\"http:\/\/cres.cescyl.es\/dos-nuevas-publicaciones-electronicas-para-difundir-la-actividad-del-ces-durante-la-pandemia\/\">Dos nuevas publicaciones electr\u00f3nicas para difundir la actividad del CES durante la pandemia<\/a><\/blockquote><iframe loading=\"lazy\" class=\"wp-embedded-content\" sandbox=\"allow-scripts\" security=\"restricted\" style=\"position: absolute; clip: rect(1px, 1px, 1px, 1px);\" title=\"\u00abDos nuevas publicaciones electr\u00f3nicas para difundir la actividad del CES durante la pandemia\u00bb \u2014 Cuadernos para la reconstrucci\u00f3n econ\u00f3mica y social\" src=\"http:\/\/cres.cescyl.es\/dos-nuevas-publicaciones-electronicas-para-difundir-la-actividad-del-ces-durante-la-pandemia\/embed\/#?secret=ZAivjItqes\" data-secret=\"ZAivjItqes\" width=\"600\" height=\"338\" frameborder=\"0\" marginwidth=\"0\" marginheight=\"0\" scrolling=\"no\"><\/iframe>\n<\/div><\/figure>\n\n\n\n<p><\/p>\n","protected":false},"excerpt":{"rendered":"<p>Inmersos en el segundo a\u00f1o de pandemia. Autor: Enrique Cabero Mor\u00e1n. La salud mental de los trabajadores: una prioridad para las empresas en la era post-Covid-19 (I). Autora: Mar\u00eda Luisa Mart\u00edn Hern\u00e1ndez. La salud mental de los trabajadores: una prioridad para las empresas en la era post-Covid-19 (y II). Autora: Mar\u00eda Luisa Mart\u00edn Hern\u00e1ndez. Dos &hellip; <a href=\"https:\/\/grupodeenlace.cescyl.es\/?p=628\" class=\"more-link\">Continuar leyendo<span class=\"screen-reader-text\"> &#8220;Cuadernos para la reconstrucci\u00f3n econ\u00f3mica y social N\u00ba21&#8221;<\/span><\/a><\/p>\n","protected":false},"author":2,"featured_media":0,"comment_status":"open","ping_status":"open","sticky":false,"template":"","format":"standard","meta":{"_s2mail":"yes","footnotes":""},"categories":[3],"tags":[],"class_list":["post-628","post","type-post","status-publish","format-standard","hentry","category-informacion-y-publicaciones-ces"],"_links":{"self":[{"href":"https:\/\/grupodeenlace.cescyl.es\/index.php?rest_route=\/wp\/v2\/posts\/628","targetHints":{"allow":["GET"]}}],"collection":[{"href":"https:\/\/grupodeenlace.cescyl.es\/index.php?rest_route=\/wp\/v2\/posts"}],"about":[{"href":"https:\/\/grupodeenlace.cescyl.es\/index.php?rest_route=\/wp\/v2\/types\/post"}],"author":[{"embeddable":true,"href":"https:\/\/grupodeenlace.cescyl.es\/index.php?rest_route=\/wp\/v2\/users\/2"}],"replies":[{"embeddable":true,"href":"https:\/\/grupodeenlace.cescyl.es\/index.php?rest_route=%2Fwp%2Fv2%2Fcomments&post=628"}],"version-history":[{"count":1,"href":"https:\/\/grupodeenlace.cescyl.es\/index.php?rest_route=\/wp\/v2\/posts\/628\/revisions"}],"predecessor-version":[{"id":630,"href":"https:\/\/grupodeenlace.cescyl.es\/index.php?rest_route=\/wp\/v2\/posts\/628\/revisions\/630"}],"wp:attachment":[{"href":"https:\/\/grupodeenlace.cescyl.es\/index.php?rest_route=%2Fwp%2Fv2%2Fmedia&parent=628"}],"wp:term":[{"taxonomy":"category","embeddable":true,"href":"https:\/\/grupodeenlace.cescyl.es\/index.php?rest_route=%2Fwp%2Fv2%2Fcategories&post=628"},{"taxonomy":"post_tag","embeddable":true,"href":"https:\/\/grupodeenlace.cescyl.es\/index.php?rest_route=%2Fwp%2Fv2%2Ftags&post=628"}],"curies":[{"name":"wp","href":"https:\/\/api.w.org\/{rel}","templated":true}]}}