{"id":633,"date":"2021-01-21T13:52:00","date_gmt":"2021-01-21T12:52:00","guid":{"rendered":"http:\/\/grupodeenlace.cescyl.es\/?p=633"},"modified":"2021-01-21T13:59:08","modified_gmt":"2021-01-21T12:59:08","slug":"informe-sobre-el-sistema-de-promocion-de-la-autonomia-personal-y-atencion-a-las-personas-en-situacion-de-dependencia-ces-de-espana","status":"publish","type":"post","link":"https:\/\/grupodeenlace.cescyl.es\/?p=633","title":{"rendered":"Informe sobre el sistema de promoci\u00f3n de la autonom\u00eda personal y atenci\u00f3n a las personas en situaci\u00f3n de dependencia (CES de Espa\u00f1a)"},"content":{"rendered":"\n<p>El pasado 20 de enero de 2021 se celebr\u00f3 el seminario sobre \u201cEl sistema de promoci\u00f3n de la autonom\u00eda personal y atenci\u00f3n a las personas en situaci\u00f3n de dependencia\u201d en el que el CES de Espa\u00f1a present\u00f3 su informe.<\/p>\n\n\n\n<p>Webinar:<a href=\"https:\/\/www.youtube.com\/watch?v=jB1YiXNTXK4\">https:\/\/www.youtube.com\/watch?v=jB1YiXNTXK4<\/a><\/p>\n\n\n\n<figure class=\"wp-block-image size-large\"><img loading=\"lazy\" decoding=\"async\" width=\"589\" height=\"212\" src=\"https:\/\/grupodeenlace.cescyl.es\/wp-content\/uploads\/2021\/01\/image-3.png\" alt=\"\" class=\"wp-image-634\" srcset=\"https:\/\/grupodeenlace.cescyl.es\/wp-content\/uploads\/2021\/01\/image-3.png 589w, https:\/\/grupodeenlace.cescyl.es\/wp-content\/uploads\/2021\/01\/image-3-300x108.png 300w\" sizes=\"auto, (max-width: 589px) 85vw, 589px\" \/><\/figure>\n\n\n\n<p><\/p>\n\n\n\n<p>Informe: <a href=\"http:\/\/www.ces.es\/documents\/10180\/5226728\/Inf0320.pdf\">http:\/\/www.ces.es\/documents\/10180\/5226728\/Inf0320.pdf<\/a><\/p>\n\n\n\n<figure class=\"wp-block-image size-large\"><img loading=\"lazy\" decoding=\"async\" width=\"320\" height=\"421\" src=\"https:\/\/grupodeenlace.cescyl.es\/wp-content\/uploads\/2021\/01\/image-4.png\" alt=\"\" class=\"wp-image-635\" srcset=\"https:\/\/grupodeenlace.cescyl.es\/wp-content\/uploads\/2021\/01\/image-4.png 320w, https:\/\/grupodeenlace.cescyl.es\/wp-content\/uploads\/2021\/01\/image-4-228x300.png 228w\" sizes=\"auto, (max-width: 320px) 85vw, 320px\" \/><\/figure>\n\n\n\n<ul class=\"wp-block-list\"><li><\/li><\/ul>\n","protected":false},"excerpt":{"rendered":"<p>El pasado 20 de enero de 2021 se celebr\u00f3 el seminario sobre \u201cEl sistema de promoci\u00f3n de la autonom\u00eda personal y atenci\u00f3n a las personas en situaci\u00f3n de dependencia\u201d en el que el CES de Espa\u00f1a present\u00f3 su informe. Webinar:https:\/\/www.youtube.com\/watch?v=jB1YiXNTXK4 Informe: http:\/\/www.ces.es\/documents\/10180\/5226728\/Inf0320.pdf<\/p>\n","protected":false},"author":2,"featured_media":0,"comment_status":"open","ping_status":"open","sticky":false,"template":"","format":"standard","meta":{"_s2mail":"yes","footnotes":""},"categories":[4],"tags":[],"class_list":["post-633","post","type-post","status-publish","format-standard","hentry","category-informes-y-documentos"],"_links":{"self":[{"href":"https:\/\/grupodeenlace.cescyl.es\/index.php?rest_route=\/wp\/v2\/posts\/633","targetHints":{"allow":["GET"]}}],"collection":[{"href":"https:\/\/grupodeenlace.cescyl.es\/index.php?rest_route=\/wp\/v2\/posts"}],"about":[{"href":"https:\/\/grupodeenlace.cescyl.es\/index.php?rest_route=\/wp\/v2\/types\/post"}],"author":[{"embeddable":true,"href":"https:\/\/grupodeenlace.cescyl.es\/index.php?rest_route=\/wp\/v2\/users\/2"}],"replies":[{"embeddable":true,"href":"https:\/\/grupodeenlace.cescyl.es\/index.php?rest_route=%2Fwp%2Fv2%2Fcomments&post=633"}],"version-history":[{"count":1,"href":"https:\/\/grupodeenlace.cescyl.es\/index.php?rest_route=\/wp\/v2\/posts\/633\/revisions"}],"predecessor-version":[{"id":636,"href":"https:\/\/grupodeenlace.cescyl.es\/index.php?rest_route=\/wp\/v2\/posts\/633\/revisions\/636"}],"wp:attachment":[{"href":"https:\/\/grupodeenlace.cescyl.es\/index.php?rest_route=%2Fwp%2Fv2%2Fmedia&parent=633"}],"wp:term":[{"taxonomy":"category","embeddable":true,"href":"https:\/\/grupodeenlace.cescyl.es\/index.php?rest_route=%2Fwp%2Fv2%2Fcategories&post=633"},{"taxonomy":"post_tag","embeddable":true,"href":"https:\/\/grupodeenlace.cescyl.es\/index.php?rest_route=%2Fwp%2Fv2%2Ftags&post=633"}],"curies":[{"name":"wp","href":"https:\/\/api.w.org\/{rel}","templated":true}]}}