{"id":668,"date":"2021-02-08T12:50:00","date_gmt":"2021-02-08T11:50:00","guid":{"rendered":"http:\/\/grupodeenlace.cescyl.es\/?p=668"},"modified":"2021-02-08T12:53:26","modified_gmt":"2021-02-08T11:53:26","slug":"informe-previo-sobre-el-anteproyecto-de-ley-por-la-que-se-crea-y-regula-la-oficina-de-prevencion-y-lucha-contra-el-fraude-y-la-corrupcion-de-la-comunidad-de-castilla-y-leon-y-se-establece-el-estatuto","status":"publish","type":"post","link":"https:\/\/grupodeenlace.cescyl.es\/?p=668","title":{"rendered":"Informe Previo sobre el Anteproyecto de Ley por la que se crea y regula la Oficina de Prevenci\u00f3n y Lucha contra el Fraude y la Corrupci\u00f3n de la Comunidad de Castilla y Le\u00f3n y se establece el estatuto de las personas denunciantes"},"content":{"rendered":"\n<p>En el Pleno del Consejo Econ\u00f3mico y Social de Castilla y Le\u00f3n de 4 de febrero de 2021 se aprob\u00f3 el Informe Previo sobre el Anteproyecto de Ley por la que se crea y regula la Oficina de Prevenci\u00f3n y Lucha contra el Fraude y la Corrupci\u00f3n de la Comunidad de Castilla y Le\u00f3n y se establece el estatuto de las personas denunciantes.<\/p>\n\n\n\n<p><strong>Informe:<\/strong> <a href=\"https:\/\/www.cescyl.es\/es\/publicaciones\/informes-previos\/informe-previo-anteproyecto-ley-crea-regula-oficina-prevenc\">https:\/\/www.cescyl.es\/es\/publicaciones\/informes-previos\/informe-previo-anteproyecto-ley-crea-regula-oficina-prevenc<\/a><\/p>\n\n\n\n<figure class=\"wp-block-image size-large is-resized\"><img loading=\"lazy\" decoding=\"async\" src=\"https:\/\/grupodeenlace.cescyl.es\/wp-content\/uploads\/2021\/02\/image-8.png\" alt=\"\" class=\"wp-image-669\" width=\"643\" height=\"828\" srcset=\"https:\/\/grupodeenlace.cescyl.es\/wp-content\/uploads\/2021\/02\/image-8.png 404w, https:\/\/grupodeenlace.cescyl.es\/wp-content\/uploads\/2021\/02\/image-8-233x300.png 233w\" sizes=\"auto, (max-width: 709px) 85vw, (max-width: 909px) 67vw, (max-width: 984px) 61vw, (max-width: 1362px) 45vw, 600px\" \/><\/figure>\n","protected":false},"excerpt":{"rendered":"<p>En el Pleno del Consejo Econ\u00f3mico y Social de Castilla y Le\u00f3n de 4 de febrero de 2021 se aprob\u00f3 el Informe Previo sobre el Anteproyecto de Ley por la que se crea y regula la Oficina de Prevenci\u00f3n y Lucha contra el Fraude y la Corrupci\u00f3n de la Comunidad de Castilla y Le\u00f3n y &hellip; <a href=\"https:\/\/grupodeenlace.cescyl.es\/?p=668\" class=\"more-link\">Continuar leyendo<span class=\"screen-reader-text\"> &#8220;Informe Previo sobre el Anteproyecto de Ley por la que se crea y regula la Oficina de Prevenci\u00f3n y Lucha contra el Fraude y la Corrupci\u00f3n de la Comunidad de Castilla y Le\u00f3n y se establece el estatuto de las personas denunciantes&#8221;<\/span><\/a><\/p>\n","protected":false},"author":2,"featured_media":0,"comment_status":"open","ping_status":"open","sticky":false,"template":"","format":"standard","meta":{"_s2mail":"yes","footnotes":""},"categories":[4],"tags":[],"class_list":["post-668","post","type-post","status-publish","format-standard","hentry","category-informes-y-documentos"],"_links":{"self":[{"href":"https:\/\/grupodeenlace.cescyl.es\/index.php?rest_route=\/wp\/v2\/posts\/668","targetHints":{"allow":["GET"]}}],"collection":[{"href":"https:\/\/grupodeenlace.cescyl.es\/index.php?rest_route=\/wp\/v2\/posts"}],"about":[{"href":"https:\/\/grupodeenlace.cescyl.es\/index.php?rest_route=\/wp\/v2\/types\/post"}],"author":[{"embeddable":true,"href":"https:\/\/grupodeenlace.cescyl.es\/index.php?rest_route=\/wp\/v2\/users\/2"}],"replies":[{"embeddable":true,"href":"https:\/\/grupodeenlace.cescyl.es\/index.php?rest_route=%2Fwp%2Fv2%2Fcomments&post=668"}],"version-history":[{"count":1,"href":"https:\/\/grupodeenlace.cescyl.es\/index.php?rest_route=\/wp\/v2\/posts\/668\/revisions"}],"predecessor-version":[{"id":670,"href":"https:\/\/grupodeenlace.cescyl.es\/index.php?rest_route=\/wp\/v2\/posts\/668\/revisions\/670"}],"wp:attachment":[{"href":"https:\/\/grupodeenlace.cescyl.es\/index.php?rest_route=%2Fwp%2Fv2%2Fmedia&parent=668"}],"wp:term":[{"taxonomy":"category","embeddable":true,"href":"https:\/\/grupodeenlace.cescyl.es\/index.php?rest_route=%2Fwp%2Fv2%2Fcategories&post=668"},{"taxonomy":"post_tag","embeddable":true,"href":"https:\/\/grupodeenlace.cescyl.es\/index.php?rest_route=%2Fwp%2Fv2%2Ftags&post=668"}],"curies":[{"name":"wp","href":"https:\/\/api.w.org\/{rel}","templated":true}]}}