{"id":675,"date":"2021-02-16T13:15:00","date_gmt":"2021-02-16T12:15:00","guid":{"rendered":"http:\/\/grupodeenlace.cescyl.es\/?p=675"},"modified":"2021-02-16T13:23:10","modified_gmt":"2021-02-16T12:23:10","slug":"cuadernos-para-la-reconstruccion-economica-y-social-no23","status":"publish","type":"post","link":"https:\/\/grupodeenlace.cescyl.es\/?p=675","title":{"rendered":"Cuadernos para la reconstrucci\u00f3n econ\u00f3mica y social  N\u00ba23"},"content":{"rendered":"\n<figure class=\"wp-block-image size-large is-resized\"><img loading=\"lazy\" decoding=\"async\" src=\"https:\/\/grupodeenlace.cescyl.es\/wp-content\/uploads\/2021\/02\/image-11.png\" alt=\"\" class=\"wp-image-677\" width=\"684\" height=\"91\" srcset=\"https:\/\/grupodeenlace.cescyl.es\/wp-content\/uploads\/2021\/02\/image-11.png 465w, https:\/\/grupodeenlace.cescyl.es\/wp-content\/uploads\/2021\/02\/image-11-300x40.png 300w\" sizes=\"auto, (max-width: 709px) 85vw, (max-width: 909px) 67vw, (max-width: 984px) 61vw, (max-width: 1362px) 45vw, 600px\" \/><\/figure>\n\n\n\n<p><\/p>\n\n\n\n<p><strong>Modificaciones recientes de la regulaci\u00f3n del Ingreso M\u00ednimo Vital. Autor: Equipo T\u00e9cnico del CES.<\/strong><\/p>\n\n\n\n<figure class=\"wp-block-embed-wordpress wp-block-embed is-type-wp-embed is-provider-cuadernos-para-la-reconstruccion-economica-y-social\"><div class=\"wp-block-embed__wrapper\">\n<blockquote class=\"wp-embedded-content\" data-secret=\"2QkckRNoHq\"><a href=\"http:\/\/cres.cescyl.es\/modificaciones-recientes-de-la-regulacion-del-ingreso-minimo-vital\/\">Modificaciones recientes de la regulaci\u00f3n del Ingreso M\u00ednimo Vital<\/a><\/blockquote><iframe loading=\"lazy\" class=\"wp-embedded-content\" sandbox=\"allow-scripts\" security=\"restricted\" style=\"position: absolute; clip: rect(1px, 1px, 1px, 1px);\" title=\"\u00abModificaciones recientes de la regulaci\u00f3n del Ingreso M\u00ednimo Vital\u00bb \u2014 Cuadernos para la reconstrucci\u00f3n econ\u00f3mica y social\" src=\"http:\/\/cres.cescyl.es\/modificaciones-recientes-de-la-regulacion-del-ingreso-minimo-vital\/embed\/#?secret=2QkckRNoHq\" data-secret=\"2QkckRNoHq\" width=\"600\" height=\"338\" frameborder=\"0\" marginwidth=\"0\" marginheight=\"0\" scrolling=\"no\"><\/iframe>\n<\/div><\/figure>\n\n\n\n<p><\/p>\n\n\n\n<p><strong>El art. 131 de la Constituci\u00f3n y la participaci\u00f3n en la reconstrucci\u00f3n econ\u00f3mica y social. Autor: Enrique Cabero Mor\u00e1n.<\/strong><\/p>\n\n\n\n<figure class=\"wp-block-embed-wordpress wp-block-embed is-type-wp-embed is-provider-cuadernos-para-la-reconstruccion-economica-y-social\"><div class=\"wp-block-embed__wrapper\">\n<blockquote class=\"wp-embedded-content\" data-secret=\"9aS1NPAhC2\"><a href=\"http:\/\/cres.cescyl.es\/el-art-131-de-la-constitucion-y-la-participacion-en-la-reconstruccion-economica-y-social\/\">El art. 131 de la Constituci\u00f3n y la participaci\u00f3n en la reconstrucci\u00f3n econ\u00f3mica y social<\/a><\/blockquote><iframe loading=\"lazy\" class=\"wp-embedded-content\" sandbox=\"allow-scripts\" security=\"restricted\" style=\"position: absolute; clip: rect(1px, 1px, 1px, 1px);\" title=\"\u00abEl art. 131 de la Constituci\u00f3n y la participaci\u00f3n en la reconstrucci\u00f3n econ\u00f3mica y social\u00bb \u2014 Cuadernos para la reconstrucci\u00f3n econ\u00f3mica y social\" src=\"http:\/\/cres.cescyl.es\/el-art-131-de-la-constitucion-y-la-participacion-en-la-reconstruccion-economica-y-social\/embed\/#?secret=9aS1NPAhC2\" data-secret=\"9aS1NPAhC2\" width=\"600\" height=\"338\" frameborder=\"0\" marginwidth=\"0\" marginheight=\"0\" scrolling=\"no\"><\/iframe>\n<\/div><\/figure>\n\n\n\n<p><\/p>\n\n\n\n<p><strong>El CES de Espa\u00f1a inicia un nuevo mandato. Autor: Equipo T\u00e9cnico del CES.<\/strong><\/p>\n\n\n\n<figure class=\"wp-block-embed-wordpress wp-block-embed is-type-wp-embed is-provider-cuadernos-para-la-reconstruccion-economica-y-social\"><div class=\"wp-block-embed__wrapper\">\n<blockquote class=\"wp-embedded-content\" data-secret=\"cXChfO19ae\"><a href=\"http:\/\/cres.cescyl.es\/el-ces-de-espana-inicia-un-nuevo-mandato\/\">El CES de Espa\u00f1a inicia un nuevo mandato<\/a><\/blockquote><iframe loading=\"lazy\" class=\"wp-embedded-content\" sandbox=\"allow-scripts\" security=\"restricted\" style=\"position: absolute; clip: rect(1px, 1px, 1px, 1px);\" title=\"\u00abEl CES de Espa\u00f1a inicia un nuevo mandato\u00bb \u2014 Cuadernos para la reconstrucci\u00f3n econ\u00f3mica y social\" src=\"http:\/\/cres.cescyl.es\/el-ces-de-espana-inicia-un-nuevo-mandato\/embed\/#?secret=cXChfO19ae\" data-secret=\"cXChfO19ae\" width=\"600\" height=\"338\" frameborder=\"0\" marginwidth=\"0\" marginheight=\"0\" scrolling=\"no\"><\/iframe>\n<\/div><\/figure>\n\n\n\n<p><\/p>\n\n\n\n<p><strong>Cien textos y cuarenta autores en nueve meses. Autor: Equipo T\u00e9cnico del CES.<\/strong><\/p>\n\n\n\n<figure class=\"wp-block-embed-wordpress wp-block-embed is-type-wp-embed is-provider-cuadernos-para-la-reconstruccion-economica-y-social\"><div class=\"wp-block-embed__wrapper\">\n<blockquote class=\"wp-embedded-content\" data-secret=\"ONyBnrvrdn\"><a href=\"http:\/\/cres.cescyl.es\/cien-textos-y-cuarenta-autores-en-nueve-meses\/\">Cien textos y cuarenta autores en nueve meses<\/a><\/blockquote><iframe loading=\"lazy\" class=\"wp-embedded-content\" sandbox=\"allow-scripts\" security=\"restricted\" style=\"position: absolute; clip: rect(1px, 1px, 1px, 1px);\" title=\"\u00abCien textos y cuarenta autores en nueve meses\u00bb \u2014 Cuadernos para la reconstrucci\u00f3n econ\u00f3mica y social\" src=\"http:\/\/cres.cescyl.es\/cien-textos-y-cuarenta-autores-en-nueve-meses\/embed\/#?secret=ONyBnrvrdn\" data-secret=\"ONyBnrvrdn\" width=\"600\" height=\"338\" frameborder=\"0\" marginwidth=\"0\" marginheight=\"0\" scrolling=\"no\"><\/iframe>\n<\/div><\/figure>\n","protected":false},"excerpt":{"rendered":"<p>Modificaciones recientes de la regulaci\u00f3n del Ingreso M\u00ednimo Vital. Autor: Equipo T\u00e9cnico del CES. El art. 131 de la Constituci\u00f3n y la participaci\u00f3n en la reconstrucci\u00f3n econ\u00f3mica y social. Autor: Enrique Cabero Mor\u00e1n. El CES de Espa\u00f1a inicia un nuevo mandato. Autor: Equipo T\u00e9cnico del CES. Cien textos y cuarenta autores en nueve meses. Autor: &hellip; <a href=\"https:\/\/grupodeenlace.cescyl.es\/?p=675\" class=\"more-link\">Continuar leyendo<span class=\"screen-reader-text\"> &#8220;Cuadernos para la reconstrucci\u00f3n econ\u00f3mica y social  N\u00ba23&#8221;<\/span><\/a><\/p>\n","protected":false},"author":2,"featured_media":0,"comment_status":"open","ping_status":"open","sticky":false,"template":"","format":"standard","meta":{"_s2mail":"yes","footnotes":""},"categories":[3],"tags":[],"class_list":["post-675","post","type-post","status-publish","format-standard","hentry","category-informacion-y-publicaciones-ces"],"_links":{"self":[{"href":"https:\/\/grupodeenlace.cescyl.es\/index.php?rest_route=\/wp\/v2\/posts\/675","targetHints":{"allow":["GET"]}}],"collection":[{"href":"https:\/\/grupodeenlace.cescyl.es\/index.php?rest_route=\/wp\/v2\/posts"}],"about":[{"href":"https:\/\/grupodeenlace.cescyl.es\/index.php?rest_route=\/wp\/v2\/types\/post"}],"author":[{"embeddable":true,"href":"https:\/\/grupodeenlace.cescyl.es\/index.php?rest_route=\/wp\/v2\/users\/2"}],"replies":[{"embeddable":true,"href":"https:\/\/grupodeenlace.cescyl.es\/index.php?rest_route=%2Fwp%2Fv2%2Fcomments&post=675"}],"version-history":[{"count":3,"href":"https:\/\/grupodeenlace.cescyl.es\/index.php?rest_route=\/wp\/v2\/posts\/675\/revisions"}],"predecessor-version":[{"id":680,"href":"https:\/\/grupodeenlace.cescyl.es\/index.php?rest_route=\/wp\/v2\/posts\/675\/revisions\/680"}],"wp:attachment":[{"href":"https:\/\/grupodeenlace.cescyl.es\/index.php?rest_route=%2Fwp%2Fv2%2Fmedia&parent=675"}],"wp:term":[{"taxonomy":"category","embeddable":true,"href":"https:\/\/grupodeenlace.cescyl.es\/index.php?rest_route=%2Fwp%2Fv2%2Fcategories&post=675"},{"taxonomy":"post_tag","embeddable":true,"href":"https:\/\/grupodeenlace.cescyl.es\/index.php?rest_route=%2Fwp%2Fv2%2Ftags&post=675"}],"curies":[{"name":"wp","href":"https:\/\/api.w.org\/{rel}","templated":true}]}}