{"id":684,"date":"2021-02-18T14:54:00","date_gmt":"2021-02-18T13:54:00","guid":{"rendered":"http:\/\/grupodeenlace.cescyl.es\/?p=684"},"modified":"2021-02-18T14:56:02","modified_gmt":"2021-02-18T13:56:02","slug":"correccion-de-errores-del-real-decreto-ley-3-2021-de-2-de-febrero-por-el-que-se-adoptan-medidas-para-la-reduccion-de-la-brecha-de-genero-y-otras-materias-en-los-ambitos-de-la-seguridad-social-y-econ","status":"publish","type":"post","link":"https:\/\/grupodeenlace.cescyl.es\/?p=684","title":{"rendered":"Correcci\u00f3n de errores del Real Decreto-ley 3\/2021, de 2 de febrero, por el que se adoptan medidas para la reducci\u00f3n de la brecha de g\u00e9nero y otras materias en los \u00e1mbitos de la Seguridad Social y econ\u00f3mico."},"content":{"rendered":"\n<p>Se publica en el BOE de 18 de febrero de 2021 la correcci\u00f3n de errores del Real Decreto-ley 3\/2021, de 2 de febrero.<\/p>\n\n\n\n<p>Entre las correcciones se encuentra la relativa al apartado 4.f) de la disposici\u00f3n transitoria octava que se incorpora al Real Decreto-ley 20\/2020, de 29 de mayo, por el que se establece el ingreso m\u00ednimo vital, ya que, donde dice: \u00abf) Las entidades inscritas en el registro deber\u00e1n remitir informaci\u00f3n peri\u00f3dica acreditativa de las actuaciones de certificaci\u00f3n que est\u00e9n llevando a cabo conforme a lo que se establezca en la orden ministerial de desarrollo a la que se refiere la presente disposici\u00f3n.\u00bb, debe decir: \u00abf) Las entidades inscritas en el registro deber\u00e1n remitir informaci\u00f3n peri\u00f3dica acreditativa de las actuaciones de certificaci\u00f3n que est\u00e9n llevando a cabo conforme a lo que se establezca en la orden ministerial de desarrollo que se dicte.\u00bb<\/p>\n\n\n\n<p><strong>Correcci\u00f3n de errores del Real Decreto-ley 3\/2021, de 2 de febrero.<\/strong><\/p>\n\n\n\n<p><strong>BOE 18 de febrero de 2021.<\/strong><\/p>\n\n\n\n<p><a href=\"https:\/\/www.boe.es\/diario_boe\/txt.php?id=BOE-A-2021-2453\">https:\/\/www.boe.es\/diario_boe\/txt.php?id=BOE-A-2021-2453<\/a><\/p>\n","protected":false},"excerpt":{"rendered":"<p>Se publica en el BOE de 18 de febrero de 2021 la correcci\u00f3n de errores del Real Decreto-ley 3\/2021, de 2 de febrero. Entre las correcciones se encuentra la relativa al apartado 4.f) de la disposici\u00f3n transitoria octava que se incorpora al Real Decreto-ley 20\/2020, de 29 de mayo, por el que se establece el &hellip; <a href=\"https:\/\/grupodeenlace.cescyl.es\/?p=684\" class=\"more-link\">Continuar leyendo<span class=\"screen-reader-text\"> &#8220;Correcci\u00f3n de errores del Real Decreto-ley 3\/2021, de 2 de febrero, por el que se adoptan medidas para la reducci\u00f3n de la brecha de g\u00e9nero y otras materias en los \u00e1mbitos de la Seguridad Social y econ\u00f3mico.&#8221;<\/span><\/a><\/p>\n","protected":false},"author":2,"featured_media":0,"comment_status":"open","ping_status":"open","sticky":false,"template":"","format":"standard","meta":{"_s2mail":"yes","footnotes":""},"categories":[2],"tags":[],"class_list":["post-684","post","type-post","status-publish","format-standard","hentry","category-normativa"],"_links":{"self":[{"href":"https:\/\/grupodeenlace.cescyl.es\/index.php?rest_route=\/wp\/v2\/posts\/684","targetHints":{"allow":["GET"]}}],"collection":[{"href":"https:\/\/grupodeenlace.cescyl.es\/index.php?rest_route=\/wp\/v2\/posts"}],"about":[{"href":"https:\/\/grupodeenlace.cescyl.es\/index.php?rest_route=\/wp\/v2\/types\/post"}],"author":[{"embeddable":true,"href":"https:\/\/grupodeenlace.cescyl.es\/index.php?rest_route=\/wp\/v2\/users\/2"}],"replies":[{"embeddable":true,"href":"https:\/\/grupodeenlace.cescyl.es\/index.php?rest_route=%2Fwp%2Fv2%2Fcomments&post=684"}],"version-history":[{"count":1,"href":"https:\/\/grupodeenlace.cescyl.es\/index.php?rest_route=\/wp\/v2\/posts\/684\/revisions"}],"predecessor-version":[{"id":685,"href":"https:\/\/grupodeenlace.cescyl.es\/index.php?rest_route=\/wp\/v2\/posts\/684\/revisions\/685"}],"wp:attachment":[{"href":"https:\/\/grupodeenlace.cescyl.es\/index.php?rest_route=%2Fwp%2Fv2%2Fmedia&parent=684"}],"wp:term":[{"taxonomy":"category","embeddable":true,"href":"https:\/\/grupodeenlace.cescyl.es\/index.php?rest_route=%2Fwp%2Fv2%2Fcategories&post=684"},{"taxonomy":"post_tag","embeddable":true,"href":"https:\/\/grupodeenlace.cescyl.es\/index.php?rest_route=%2Fwp%2Fv2%2Ftags&post=684"}],"curies":[{"name":"wp","href":"https:\/\/api.w.org\/{rel}","templated":true}]}}