{"id":687,"date":"2021-02-22T12:12:00","date_gmt":"2021-02-22T11:12:00","guid":{"rendered":"http:\/\/grupodeenlace.cescyl.es\/?p=687"},"modified":"2021-02-22T12:14:35","modified_gmt":"2021-02-22T11:14:35","slug":"modificacion-de-las-bases-reguladoras-para-la-concesion-de-subvenciones-cofinanciadas-por-el-f-s-e","status":"publish","type":"post","link":"https:\/\/grupodeenlace.cescyl.es\/?p=687","title":{"rendered":"Modificaci\u00f3n de las bases reguladoras para la concesi\u00f3n de subvenciones cofinanciadas por el F.S.E"},"content":{"rendered":"\n<p>Se publica en el BOCyL de 22 de febrero de 2021 la modificaci\u00f3n de la Orden FAM\/474\/2018, de 25 de abril, por la que se aprueban las bases reguladoras para la concesi\u00f3n de subvenciones cofinanciadas por el F.S.E., destinadas a la financiaci\u00f3n del programa espec\u00edfico de itinerarios personalizados de inserci\u00f3n sociolaboral para personas con discapacidad dentro del programa de itinerarios integrados de inclusi\u00f3n sociolaboral para personas con discapacidad y medidas complementarias.<\/p>\n\n\n\n<p><strong>Orden FAM\/157\/2021, de 3 de febrero, por la que se modifica la Orden FAM\/474\/2018, de 25 de abril.<\/strong><\/p>\n\n\n\n<p><strong>BOCyL 22 de febrero de 2021.<\/strong><\/p>\n\n\n\n<p><a href=\"https:\/\/bocyl.jcyl.es\/html\/2021\/02\/22\/html\/BOCYL-D-22022021-9.do\">https:\/\/bocyl.jcyl.es\/html\/2021\/02\/22\/html\/BOCYL-D-22022021-9.do<\/a><\/p>\n","protected":false},"excerpt":{"rendered":"<p>Se publica en el BOCyL de 22 de febrero de 2021 la modificaci\u00f3n de la Orden FAM\/474\/2018, de 25 de abril, por la que se aprueban las bases reguladoras para la concesi\u00f3n de subvenciones cofinanciadas por el F.S.E., destinadas a la financiaci\u00f3n del programa espec\u00edfico de itinerarios personalizados de inserci\u00f3n sociolaboral para personas con discapacidad &hellip; <a href=\"https:\/\/grupodeenlace.cescyl.es\/?p=687\" class=\"more-link\">Continuar leyendo<span class=\"screen-reader-text\"> &#8220;Modificaci\u00f3n de las bases reguladoras para la concesi\u00f3n de subvenciones cofinanciadas por el F.S.E&#8221;<\/span><\/a><\/p>\n","protected":false},"author":2,"featured_media":0,"comment_status":"open","ping_status":"open","sticky":false,"template":"","format":"standard","meta":{"_s2mail":"yes","footnotes":""},"categories":[2],"tags":[],"class_list":["post-687","post","type-post","status-publish","format-standard","hentry","category-normativa"],"_links":{"self":[{"href":"https:\/\/grupodeenlace.cescyl.es\/index.php?rest_route=\/wp\/v2\/posts\/687","targetHints":{"allow":["GET"]}}],"collection":[{"href":"https:\/\/grupodeenlace.cescyl.es\/index.php?rest_route=\/wp\/v2\/posts"}],"about":[{"href":"https:\/\/grupodeenlace.cescyl.es\/index.php?rest_route=\/wp\/v2\/types\/post"}],"author":[{"embeddable":true,"href":"https:\/\/grupodeenlace.cescyl.es\/index.php?rest_route=\/wp\/v2\/users\/2"}],"replies":[{"embeddable":true,"href":"https:\/\/grupodeenlace.cescyl.es\/index.php?rest_route=%2Fwp%2Fv2%2Fcomments&post=687"}],"version-history":[{"count":1,"href":"https:\/\/grupodeenlace.cescyl.es\/index.php?rest_route=\/wp\/v2\/posts\/687\/revisions"}],"predecessor-version":[{"id":688,"href":"https:\/\/grupodeenlace.cescyl.es\/index.php?rest_route=\/wp\/v2\/posts\/687\/revisions\/688"}],"wp:attachment":[{"href":"https:\/\/grupodeenlace.cescyl.es\/index.php?rest_route=%2Fwp%2Fv2%2Fmedia&parent=687"}],"wp:term":[{"taxonomy":"category","embeddable":true,"href":"https:\/\/grupodeenlace.cescyl.es\/index.php?rest_route=%2Fwp%2Fv2%2Fcategories&post=687"},{"taxonomy":"post_tag","embeddable":true,"href":"https:\/\/grupodeenlace.cescyl.es\/index.php?rest_route=%2Fwp%2Fv2%2Ftags&post=687"}],"curies":[{"name":"wp","href":"https:\/\/api.w.org\/{rel}","templated":true}]}}