{"id":765,"date":"2021-03-19T11:49:25","date_gmt":"2021-03-19T10:49:25","guid":{"rendered":"http:\/\/grupodeenlace.cescyl.es\/?p=765"},"modified":"2021-03-19T11:49:25","modified_gmt":"2021-03-19T10:49:25","slug":"datos-sobre-distribucion-territorial-del-ingreso-minimo-vital-ministerio-de-inclusion-seguridad-social-y-migraciones","status":"publish","type":"post","link":"https:\/\/grupodeenlace.cescyl.es\/?p=765","title":{"rendered":"Datos sobre distribuci\u00f3n territorial del Ingreso M\u00ednimo Vital  (Ministerio de Inclusi\u00f3n, Seguridad Social y Migraciones)"},"content":{"rendered":"\n<p>El Ingreso M\u00ednimo Vital (IMV) llega a 203.000 hogares en toda Espa\u00f1a en los que viven 565.000 personas, de las que m\u00e1s del 43% son menores. De media, cada hogar recibir\u00e1 en la n\u00f3mina de marzo 460 euros.<\/p>\n\n\n\n<p><strong>Nota de prensa<\/strong>: <a href=\"https:\/\/www.lamoncloa.gob.es\/serviciosdeprensa\/notasprensa\/inclusion\/Paginas\/2021\/180321-imv.aspx\">https:\/\/www.lamoncloa.gob.es\/serviciosdeprensa\/notasprensa\/inclusion\/Paginas\/2021\/180321-imv.aspx<\/a><\/p>\n\n\n\n<p><strong>Datos por provincias<\/strong>: <a href=\"https:\/\/www.lamoncloa.gob.es\/serviciosdeprensa\/notasprensa\/inclusion\/Documents\/2021\/180321-IMV.pdf\">https:\/\/www.lamoncloa.gob.es\/serviciosdeprensa\/notasprensa\/inclusion\/Documents\/2021\/180321-IMV.pdf<\/a><\/p>\n\n\n\n<figure class=\"wp-block-image size-large\"><img loading=\"lazy\" decoding=\"async\" width=\"441\" height=\"314\" src=\"https:\/\/grupodeenlace.cescyl.es\/wp-content\/uploads\/2021\/03\/ingreso-minimo-vital.jpg\" alt=\"\" class=\"wp-image-767\" srcset=\"https:\/\/grupodeenlace.cescyl.es\/wp-content\/uploads\/2021\/03\/ingreso-minimo-vital.jpg 441w, https:\/\/grupodeenlace.cescyl.es\/wp-content\/uploads\/2021\/03\/ingreso-minimo-vital-300x214.jpg 300w\" sizes=\"auto, (max-width: 441px) 85vw, 441px\" \/><\/figure>\n","protected":false},"excerpt":{"rendered":"<p>El Ingreso M\u00ednimo Vital (IMV) llega a 203.000 hogares en toda Espa\u00f1a en los que viven 565.000 personas, de las que m\u00e1s del 43% son menores. De media, cada hogar recibir\u00e1 en la n\u00f3mina de marzo 460 euros. Nota de prensa: https:\/\/www.lamoncloa.gob.es\/serviciosdeprensa\/notasprensa\/inclusion\/Paginas\/2021\/180321-imv.aspx Datos por provincias: https:\/\/www.lamoncloa.gob.es\/serviciosdeprensa\/notasprensa\/inclusion\/Documents\/2021\/180321-IMV.pdf<\/p>\n","protected":false},"author":2,"featured_media":0,"comment_status":"open","ping_status":"open","sticky":false,"template":"","format":"standard","meta":{"_s2mail":"yes","footnotes":""},"categories":[4],"tags":[],"class_list":["post-765","post","type-post","status-publish","format-standard","hentry","category-informes-y-documentos"],"_links":{"self":[{"href":"https:\/\/grupodeenlace.cescyl.es\/index.php?rest_route=\/wp\/v2\/posts\/765","targetHints":{"allow":["GET"]}}],"collection":[{"href":"https:\/\/grupodeenlace.cescyl.es\/index.php?rest_route=\/wp\/v2\/posts"}],"about":[{"href":"https:\/\/grupodeenlace.cescyl.es\/index.php?rest_route=\/wp\/v2\/types\/post"}],"author":[{"embeddable":true,"href":"https:\/\/grupodeenlace.cescyl.es\/index.php?rest_route=\/wp\/v2\/users\/2"}],"replies":[{"embeddable":true,"href":"https:\/\/grupodeenlace.cescyl.es\/index.php?rest_route=%2Fwp%2Fv2%2Fcomments&post=765"}],"version-history":[{"count":2,"href":"https:\/\/grupodeenlace.cescyl.es\/index.php?rest_route=\/wp\/v2\/posts\/765\/revisions"}],"predecessor-version":[{"id":768,"href":"https:\/\/grupodeenlace.cescyl.es\/index.php?rest_route=\/wp\/v2\/posts\/765\/revisions\/768"}],"wp:attachment":[{"href":"https:\/\/grupodeenlace.cescyl.es\/index.php?rest_route=%2Fwp%2Fv2%2Fmedia&parent=765"}],"wp:term":[{"taxonomy":"category","embeddable":true,"href":"https:\/\/grupodeenlace.cescyl.es\/index.php?rest_route=%2Fwp%2Fv2%2Fcategories&post=765"},{"taxonomy":"post_tag","embeddable":true,"href":"https:\/\/grupodeenlace.cescyl.es\/index.php?rest_route=%2Fwp%2Fv2%2Ftags&post=765"}],"curies":[{"name":"wp","href":"https:\/\/api.w.org\/{rel}","templated":true}]}}