{"id":783,"date":"2021-03-24T13:42:13","date_gmt":"2021-03-24T12:42:13","guid":{"rendered":"http:\/\/grupodeenlace.cescyl.es\/?p=783"},"modified":"2021-03-24T14:05:41","modified_gmt":"2021-03-24T13:05:41","slug":"cuadernos-para-la-reconstruccion-economica-y-social-no25","status":"publish","type":"post","link":"https:\/\/grupodeenlace.cescyl.es\/?p=783","title":{"rendered":"Cuadernos para la reconstrucci\u00f3n econ\u00f3mica y social N\u00ba25"},"content":{"rendered":"\n<ul class=\"wp-block-list\"><li><a href=\"http:\/\/cres.cescyl.es\/mas-estado-social-y-democratico-de-derecho-y-mas-union-europea\/\" data-type=\"URL\" data-id=\"http:\/\/cres.cescyl.es\/mas-estado-social-y-democratico-de-derecho-y-mas-union-europea\/\">M\u00e1s Estado social y democr\u00e1tico de Derecho y m\u00e1s Uni\u00f3n Europea<\/a><br>Autor: <em>Enrique Cabero Mor\u00e1n, presidente del Consejo Econ\u00f3mico y Social de Castilla y Le\u00f3n<\/em><\/li><li><a href=\"http:\/\/cres.cescyl.es\/un-enfoque-global-y-transversal-de-la-importancia-del-sector-agrario-y-ganadero\/\">Un enfoque global y transversal de la importancia del sector agrario y ganadero <\/a><br>Autor: <em>Donaciano Dujo Caminero, presidente de ASAJA Castilla y Le\u00f3n y presidente de la Comisi\u00f3n de Calidad de Vida y Protecci\u00f3n Social del CESCYL<\/em><\/li><li><a href=\"http:\/\/cres.cescyl.es\/la-universidad-y-su-liderazgo-en-el-desarrollo-economico-y-social\/\">La Universidad y su liderazgo en el desarrollo econ\u00f3mico y social<\/a><br>Autor: <em>Jos\u00e9-\u00c1ngel Dom\u00ednguez P\u00e9rez, profesor de la Universidad de Salamanca y ex-director de la Agencia para la Calidad del Sistema Universitario de Castilla y Le\u00f3n (ACSUCYL)<\/em><\/li><li><a href=\"http:\/\/cres.cescyl.es\/pacto-verde\/\">Pacto Verde<\/a><br>Autora: <em>Mar Siles Lucas,\u00a0delegada institucional del Consejo Superior de Investigaciones Cient\u00edficas en Castilla y Le\u00f3n y directora del Instituto de Recursos Naturales y Agrobiolog\u00eda de Salamanca (IRNASA-CSIC)<\/em><\/li><li><a href=\"http:\/\/cres.cescyl.es\/la-fiscalidad-progresiva-como-herramienta-de-justicia-social\/\">La fiscalidad progresiva como herramienta de justicia social<\/a><br>Autora: <em>Coordinadora Manifiesto 2020, por una sociedad justa.<\/em><\/li><\/ul>\n\n\n\n<figure class=\"wp-block-image\"><img decoding=\"async\" src=\"https:\/\/pbs.twimg.com\/media\/ExPm6c5WYAYDAph?format=jpg&amp;name=4096x4096\" alt=\"Imagen\"\/><\/figure>\n\n\n\n<p><\/p>\n","protected":false},"excerpt":{"rendered":"<p>M\u00e1s Estado social y democr\u00e1tico de Derecho y m\u00e1s Uni\u00f3n EuropeaAutor: Enrique Cabero Mor\u00e1n, presidente del Consejo Econ\u00f3mico y Social de Castilla y Le\u00f3n Un enfoque global y transversal de la importancia del sector agrario y ganadero Autor: Donaciano Dujo Caminero, presidente de ASAJA Castilla y Le\u00f3n y presidente de la Comisi\u00f3n de Calidad de &hellip; <a href=\"https:\/\/grupodeenlace.cescyl.es\/?p=783\" class=\"more-link\">Continuar leyendo<span class=\"screen-reader-text\"> &#8220;Cuadernos para la reconstrucci\u00f3n econ\u00f3mica y social N\u00ba25&#8221;<\/span><\/a><\/p>\n","protected":false},"author":2,"featured_media":0,"comment_status":"open","ping_status":"open","sticky":false,"template":"","format":"standard","meta":{"_s2mail":"yes","footnotes":""},"categories":[3],"tags":[],"class_list":["post-783","post","type-post","status-publish","format-standard","hentry","category-informacion-y-publicaciones-ces"],"_links":{"self":[{"href":"https:\/\/grupodeenlace.cescyl.es\/index.php?rest_route=\/wp\/v2\/posts\/783","targetHints":{"allow":["GET"]}}],"collection":[{"href":"https:\/\/grupodeenlace.cescyl.es\/index.php?rest_route=\/wp\/v2\/posts"}],"about":[{"href":"https:\/\/grupodeenlace.cescyl.es\/index.php?rest_route=\/wp\/v2\/types\/post"}],"author":[{"embeddable":true,"href":"https:\/\/grupodeenlace.cescyl.es\/index.php?rest_route=\/wp\/v2\/users\/2"}],"replies":[{"embeddable":true,"href":"https:\/\/grupodeenlace.cescyl.es\/index.php?rest_route=%2Fwp%2Fv2%2Fcomments&post=783"}],"version-history":[{"count":4,"href":"https:\/\/grupodeenlace.cescyl.es\/index.php?rest_route=\/wp\/v2\/posts\/783\/revisions"}],"predecessor-version":[{"id":787,"href":"https:\/\/grupodeenlace.cescyl.es\/index.php?rest_route=\/wp\/v2\/posts\/783\/revisions\/787"}],"wp:attachment":[{"href":"https:\/\/grupodeenlace.cescyl.es\/index.php?rest_route=%2Fwp%2Fv2%2Fmedia&parent=783"}],"wp:term":[{"taxonomy":"category","embeddable":true,"href":"https:\/\/grupodeenlace.cescyl.es\/index.php?rest_route=%2Fwp%2Fv2%2Fcategories&post=783"},{"taxonomy":"post_tag","embeddable":true,"href":"https:\/\/grupodeenlace.cescyl.es\/index.php?rest_route=%2Fwp%2Fv2%2Ftags&post=783"}],"curies":[{"name":"wp","href":"https:\/\/api.w.org\/{rel}","templated":true}]}}