{"id":788,"date":"2021-04-13T11:42:10","date_gmt":"2021-04-13T10:42:10","guid":{"rendered":"http:\/\/grupodeenlace.cescyl.es\/?p=788"},"modified":"2021-04-13T12:26:59","modified_gmt":"2021-04-13T11:26:59","slug":"subvenciones-a-asociaciones-juveniles-y-demas-formas-organizadas-de-participacion-juvenil-de-castilla-y-leon","status":"publish","type":"post","link":"https:\/\/grupodeenlace.cescyl.es\/?p=788","title":{"rendered":"Subvenciones a asociaciones juveniles y dem\u00e1s formas organizadas de participaci\u00f3n juvenil de Castilla y Le\u00f3n"},"content":{"rendered":"\n<p>Subvenciones dirigidas a las asociaciones juveniles y dem\u00e1s formas organizadas de participaci\u00f3n juvenil de Castilla y Le\u00f3n, de \u00e1mbito auton\u00f3mico, con la finalidad de colaborar en la financiaci\u00f3n de sus gastos de funcionamiento y la adquisici\u00f3n de equipamiento.<\/p>\n\n\n\n<p><strong>Extracto de la Orden de &nbsp;6 de abril de 2021, de la Consejer\u00eda de Familia e Igualdad de Oportunidades<\/strong>.<\/p>\n\n\n\n<p><a href=\"https:\/\/bocyl.jcyl.es\/boletines\/2021\/04\/13\/pdf\/BOCYL-D-13042021-15.pdf\">https:\/\/bocyl.jcyl.es\/boletines\/2021\/04\/13\/pdf\/BOCYL-D-13042021-15.pdf<\/a><\/p>\n\n\n\n<p><strong>Tramitaci\u00f3n electr\u00f3nica&nbsp;<\/strong><\/p>\n\n\n\n<p><a href=\"https:\/\/www.tramitacastillayleon.jcyl.es\/web\/jcyl\/AdministracionElectronica\/es\/Plantilla100Detalle\/1251181050732\/Ayuda012\/1285044750823\/Propuesta\">https:\/\/www.tramitacastillayleon.jcyl.es\/web\/jcyl\/AdministracionElectronica\/es\/Plantilla100Detalle\/1251181050732\/Ayuda012\/1285044750823\/Propuesta<\/a><\/p>\n","protected":false},"excerpt":{"rendered":"<p>Subvenciones dirigidas a las asociaciones juveniles y dem\u00e1s formas organizadas de participaci\u00f3n juvenil de Castilla y Le\u00f3n, de \u00e1mbito auton\u00f3mico, con la finalidad de colaborar en la financiaci\u00f3n de sus gastos de funcionamiento y la adquisici\u00f3n de equipamiento. Extracto de la Orden de &nbsp;6 de abril de 2021, de la Consejer\u00eda de Familia e Igualdad &hellip; <a href=\"https:\/\/grupodeenlace.cescyl.es\/?p=788\" class=\"more-link\">Continuar leyendo<span class=\"screen-reader-text\"> &#8220;Subvenciones a asociaciones juveniles y dem\u00e1s formas organizadas de participaci\u00f3n juvenil de Castilla y Le\u00f3n&#8221;<\/span><\/a><\/p>\n","protected":false},"author":2,"featured_media":0,"comment_status":"open","ping_status":"open","sticky":false,"template":"","format":"standard","meta":{"_s2mail":"yes","footnotes":""},"categories":[5],"tags":[],"class_list":["post-788","post","type-post","status-publish","format-standard","hentry","category-instrumentos-de-apoyo"],"_links":{"self":[{"href":"https:\/\/grupodeenlace.cescyl.es\/index.php?rest_route=\/wp\/v2\/posts\/788","targetHints":{"allow":["GET"]}}],"collection":[{"href":"https:\/\/grupodeenlace.cescyl.es\/index.php?rest_route=\/wp\/v2\/posts"}],"about":[{"href":"https:\/\/grupodeenlace.cescyl.es\/index.php?rest_route=\/wp\/v2\/types\/post"}],"author":[{"embeddable":true,"href":"https:\/\/grupodeenlace.cescyl.es\/index.php?rest_route=\/wp\/v2\/users\/2"}],"replies":[{"embeddable":true,"href":"https:\/\/grupodeenlace.cescyl.es\/index.php?rest_route=%2Fwp%2Fv2%2Fcomments&post=788"}],"version-history":[{"count":3,"href":"https:\/\/grupodeenlace.cescyl.es\/index.php?rest_route=\/wp\/v2\/posts\/788\/revisions"}],"predecessor-version":[{"id":791,"href":"https:\/\/grupodeenlace.cescyl.es\/index.php?rest_route=\/wp\/v2\/posts\/788\/revisions\/791"}],"wp:attachment":[{"href":"https:\/\/grupodeenlace.cescyl.es\/index.php?rest_route=%2Fwp%2Fv2%2Fmedia&parent=788"}],"wp:term":[{"taxonomy":"category","embeddable":true,"href":"https:\/\/grupodeenlace.cescyl.es\/index.php?rest_route=%2Fwp%2Fv2%2Fcategories&post=788"},{"taxonomy":"post_tag","embeddable":true,"href":"https:\/\/grupodeenlace.cescyl.es\/index.php?rest_route=%2Fwp%2Fv2%2Ftags&post=788"}],"curies":[{"name":"wp","href":"https:\/\/api.w.org\/{rel}","templated":true}]}}