{"id":799,"date":"2021-04-15T07:57:55","date_gmt":"2021-04-15T06:57:55","guid":{"rendered":"http:\/\/grupodeenlace.cescyl.es\/?p=799"},"modified":"2021-04-20T08:39:24","modified_gmt":"2021-04-20T07:39:24","slug":"la-universidad-de-leon-y-el-colectivo-tierra-de-campos-reflexionan-sobre-los-servicios-de-cuidados-en-el-medio-rural","status":"publish","type":"post","link":"https:\/\/grupodeenlace.cescyl.es\/?p=799","title":{"rendered":"La Universidad de Le\u00f3n y el Colectivo Tierra de Campos reflexionan sobre los servicios de cuidados en el medio rural"},"content":{"rendered":"\n<p class=\"has-text-align-left\">El grupo de investigaci\u00f3n del Derecho del Trabajo y de la Seguridad Social de la Facultad de Derecho de la Universidad de Le\u00f3n present\u00f3 el pasado 9 de abril al equipo t\u00e9cnico del&nbsp;<a rel=\"noreferrer noopener\" href=\"https:\/\/www.somostierradecampos.com\/\" target=\"_blank\">Asociaci\u00f3n Colectivo para el Desarrollo Rural de Tierra de Campos<\/a>, los resultados del estudio&nbsp;<strong>\u2018La econom\u00eda social como palanca para la sostenibilidad en los territorios rurales&#8217;<\/strong>, centrado en los servicios de cuidados en este \u00e1mbito y realizado bajo la direcci\u00f3n de las profesoras Susana Rodr\u00edguez Escanciano y Henar \u00c1lvarez Cuesta. Dicho estudio ha sido subvencionado por la Direcci\u00f3n General del Trabajo Aut\u00f3nomo, de la Econom\u00eda Social y de la Responsabilidad Social de las Empresas y ser\u00e1 publicado como monograf\u00eda en la editorial jur\u00eddica Tirant Lo Blanch.<\/p>\n\n\n\n<p>Los contenidos de la jornada de trabajo giraron en torno a las siguientes tem\u00e1ticas:<\/p>\n\n\n\n<ul class=\"wp-block-list\"><li><strong>Las dificultades de los cuidados en el mundo rural: una apuesta por la sostenibilidad<\/strong>. Roberto Fern\u00e1ndez Fern\u00e1ndez. Profesor Titular de Derecho del Trabajo y de la Seguridad Social en la Universidad de Le\u00f3n. En esta primera intervenci\u00f3n se puso de manifiesto la escasa dotaci\u00f3n de los servicios sociales para atender a las personas mayores del medio rural. Destacando la voluntad de las personas mayores de envejecer en su hogar.<\/li><\/ul>\n\n\n\n<ul class=\"wp-block-list\"><li><strong>Trabajos declarados y cuidados invisibles: la mujer como protagonista<\/strong>. Cristina Gonz\u00e1lez Vidales. Investigadora contratada predoctoral Derecho del Trabajo y de la Seguridad Social en la Universidad de Le\u00f3n, subray\u00f3, que pese a la repercusi\u00f3n que el trabajo de cuidados tiene sobre la econom\u00eda, al no asumirse como un asunto social y al ser resuelto en el \u00e1mbito del hogar, se da una desresponsabilizaci\u00f3n del Estado y de las empresas hac\u00eda este tipo de trabajos, recayendo toda la carga sobre las mujeres.<\/li><\/ul>\n\n\n\n<ul class=\"wp-block-list\"><li><strong>La atenci\u00f3n a la dependencia en las zonas rurales: aproximaci\u00f3n a los servicios t\u00e9cnicos y a las prestaciones de cuidados<\/strong>. Susana Rodr\u00edguez Escanciano. Catedr\u00e1tica de Derecho del Trabajo y de la Seguridad Social en la Universidad de Le\u00f3n, hizo un repaso detallado de los instrumentos con los que cuentan las diferentes administraciones p\u00fablicas para atender la dependencia y los mecanismos de colaboraci\u00f3n p\u00fablico-privada, dedicando especial atenci\u00f3n a las entidades sin \u00e1nimo de lucro.<\/li><\/ul>\n\n\n\n<ul class=\"wp-block-list\"><li><strong>Teleasistencia<\/strong>. Beatriz Agra Viforcos. Profesora Titular de Derecho del Trabajo y de la Seguridad Social en la Universidad de Le\u00f3n. En esta intervenci\u00f3n se destac\u00f3 la importancia que tiene la teleasistencia en el medio rural de Castilla y Le\u00f3n, un contexto caracterizado por el sobreenvejecimiento y por territorios con densidades muy bajas. Para la asistencia sanitaria y los servicios sociales es un verdadero reto. Tambi\u00e9n se pusieron de relieve los puntos de mejora entre el modelo tradicional de teleasistencia y la telemedicina .<\/li><\/ul>\n\n\n\n<ul class=\"wp-block-list\"><li><strong>Asistencia en el domicilio: coberturas y carencias<\/strong>. Diego Megino Fern\u00e1ndez. Profesor Ayudante Doctor de Derecho del Trabajo y de la Seguridad Social en la Universidad de Burgos. Adem\u00e1s de hacer un repaso detallado del SAAD, expuso las insuficiencias m\u00e1s evidentes: exceso de burocracia, ambig\u00fcedad del t\u00e9rmino, falta de articulaci\u00f3n con otros \u00e1mbitos, escasez de recursos, as\u00ed como la falta de adaptaci\u00f3n del modelo de atenci\u00f3n a la realidad del medio rural, que pone en peligro la autonom\u00eda y calidad de vida y restringe las posibilidades de participaci\u00f3n social de las personas mayores.<\/li><\/ul>\n\n\n\n<ul class=\"wp-block-list\"><li><strong>Cauces de prestaci\u00f3n de los servicios a trav\u00e9s de empresas de econom\u00eda social<\/strong>. Henar \u00c1lvarez Cuesta. Profesora Titular de Derecho del Trabajo y de la Seguridad Social en la Universidad de Le\u00f3n, explic\u00f3 las ventajas de la econom\u00eda social para dar respuestas a la atenci\u00f3n de las personas mayores en el medio rural, as\u00ed como la caracterizaci\u00f3n del tipo de entidades existentes para este fin: Cooperativas, CEE, Empresas de inserci\u00f3n, Sociedades laborales,\u2026 Optar por un modelo de econom\u00eda social contribuir\u00eda a generar empleo local de calidad y frenar la huida de j\u00f3venes y mujeres a las ciudades.<\/li><\/ul>\n\n\n\n<p>La jornada finaliz\u00f3 con un interesante di\u00e1logo constructivo entre el profesorado que ha desarrollado el estudio y las personas que forman el equipo t\u00e9cnico de la Asociaci\u00f3n Colectivo para el Desarrollo Rural de Tierra de Campos. Este debate ayud\u00f3 a poner en com\u00fan las percepciones que ambas entidades tienen sobre la realidad de los cuidados en un medio rural despoblado y envejecido, donde el protagonismo de las mujeres adquiere una importancia capital.<\/p>\n\n\n\n<p><\/p>\n\n\n\n<figure class=\"wp-block-image size-large\"><img loading=\"lazy\" decoding=\"async\" width=\"1024\" height=\"658\" src=\"https:\/\/grupodeenlace.cescyl.es\/wp-content\/uploads\/2021\/04\/Imagen-de-la-jornada-1-1024x658.png\" alt=\"\" class=\"wp-image-801\" srcset=\"https:\/\/grupodeenlace.cescyl.es\/wp-content\/uploads\/2021\/04\/Imagen-de-la-jornada-1-1024x658.png 1024w, https:\/\/grupodeenlace.cescyl.es\/wp-content\/uploads\/2021\/04\/Imagen-de-la-jornada-1-300x193.png 300w, https:\/\/grupodeenlace.cescyl.es\/wp-content\/uploads\/2021\/04\/Imagen-de-la-jornada-1-768x494.png 768w, https:\/\/grupodeenlace.cescyl.es\/wp-content\/uploads\/2021\/04\/Imagen-de-la-jornada-1-1536x987.png 1536w, https:\/\/grupodeenlace.cescyl.es\/wp-content\/uploads\/2021\/04\/Imagen-de-la-jornada-1-1200x771.png 1200w, https:\/\/grupodeenlace.cescyl.es\/wp-content\/uploads\/2021\/04\/Imagen-de-la-jornada-1.png 1654w\" sizes=\"auto, (max-width: 709px) 85vw, (max-width: 909px) 67vw, (max-width: 1362px) 62vw, 840px\" \/><\/figure>\n","protected":false},"excerpt":{"rendered":"<p>El grupo de investigaci\u00f3n del Derecho del Trabajo y de la Seguridad Social de la Facultad de Derecho de la Universidad de Le\u00f3n present\u00f3 el pasado 9 de abril al equipo t\u00e9cnico del&nbsp;Asociaci\u00f3n Colectivo para el Desarrollo Rural de Tierra de Campos, los resultados del estudio&nbsp;\u2018La econom\u00eda social como palanca para la sostenibilidad en los &hellip; <a href=\"https:\/\/grupodeenlace.cescyl.es\/?p=799\" class=\"more-link\">Continuar leyendo<span class=\"screen-reader-text\"> &#8220;La Universidad de Le\u00f3n y el Colectivo Tierra de Campos reflexionan sobre los servicios de cuidados en el medio rural&#8221;<\/span><\/a><\/p>\n","protected":false},"author":2,"featured_media":0,"comment_status":"open","ping_status":"open","sticky":false,"template":"","format":"standard","meta":{"_s2mail":"yes","footnotes":""},"categories":[10],"tags":[],"class_list":["post-799","post","type-post","status-publish","format-standard","hentry","category-noticias-de-los-miembros-del-grupo"],"_links":{"self":[{"href":"https:\/\/grupodeenlace.cescyl.es\/index.php?rest_route=\/wp\/v2\/posts\/799","targetHints":{"allow":["GET"]}}],"collection":[{"href":"https:\/\/grupodeenlace.cescyl.es\/index.php?rest_route=\/wp\/v2\/posts"}],"about":[{"href":"https:\/\/grupodeenlace.cescyl.es\/index.php?rest_route=\/wp\/v2\/types\/post"}],"author":[{"embeddable":true,"href":"https:\/\/grupodeenlace.cescyl.es\/index.php?rest_route=\/wp\/v2\/users\/2"}],"replies":[{"embeddable":true,"href":"https:\/\/grupodeenlace.cescyl.es\/index.php?rest_route=%2Fwp%2Fv2%2Fcomments&post=799"}],"version-history":[{"count":5,"href":"https:\/\/grupodeenlace.cescyl.es\/index.php?rest_route=\/wp\/v2\/posts\/799\/revisions"}],"predecessor-version":[{"id":818,"href":"https:\/\/grupodeenlace.cescyl.es\/index.php?rest_route=\/wp\/v2\/posts\/799\/revisions\/818"}],"wp:attachment":[{"href":"https:\/\/grupodeenlace.cescyl.es\/index.php?rest_route=%2Fwp%2Fv2%2Fmedia&parent=799"}],"wp:term":[{"taxonomy":"category","embeddable":true,"href":"https:\/\/grupodeenlace.cescyl.es\/index.php?rest_route=%2Fwp%2Fv2%2Fcategories&post=799"},{"taxonomy":"post_tag","embeddable":true,"href":"https:\/\/grupodeenlace.cescyl.es\/index.php?rest_route=%2Fwp%2Fv2%2Ftags&post=799"}],"curies":[{"name":"wp","href":"https:\/\/api.w.org\/{rel}","templated":true}]}}