{"id":803,"date":"2021-04-15T08:00:51","date_gmt":"2021-04-15T07:00:51","guid":{"rendered":"http:\/\/grupodeenlace.cescyl.es\/?p=803"},"modified":"2021-04-15T08:00:51","modified_gmt":"2021-04-15T07:00:51","slug":"informe-previo-sobre-el-anteproyecto-de-ley-para-garantizar-el-principio-de-igualdad-de-trato-y-de-no-discriminacion-por-razon-de-orientacion-sexual-e-identidad-de-genero-en-la-comunidad-de-castilla-y","status":"publish","type":"post","link":"https:\/\/grupodeenlace.cescyl.es\/?p=803","title":{"rendered":"Informe Previo sobre el Anteproyecto de Ley para garantizar el principio de igualdad de trato y de no discriminaci\u00f3n por raz\u00f3n de orientaci\u00f3n sexual e identidad de g\u00e9nero en la Comunidad de Castilla y Le\u00f3n"},"content":{"rendered":"\n<p>En el Pleno del Consejo Econ\u00f3mico y Social de Castilla y Le\u00f3n de 13 de abril de 2021 se aprob\u00f3 el Informe Previo sobre el Anteproyecto de Ley para garantizar el principio de igualdad de trato y de no discriminaci\u00f3n por raz\u00f3n de orientaci\u00f3n sexual e identidad de g\u00e9nero en la Comunidad de Castilla y Le\u00f3n.<\/p>\n\n\n\n<p><a href=\"https:\/\/www.cescyl.es\/es\/publicaciones\/informes-previos\/informe-previo-anteproyecto-ley-garantizar-principio-iguald\">https:\/\/www.cescyl.es\/es\/publicaciones\/informes-previos\/informe-previo-anteproyecto-ley-garantizar-principio-iguald<\/a><\/p>\n\n\n\n<figure class=\"wp-block-image size-large\"><img loading=\"lazy\" decoding=\"async\" width=\"724\" height=\"1024\" src=\"https:\/\/grupodeenlace.cescyl.es\/wp-content\/uploads\/2021\/04\/IP-Igualdad-724x1024.jpg\" alt=\"\" class=\"wp-image-804\" srcset=\"https:\/\/grupodeenlace.cescyl.es\/wp-content\/uploads\/2021\/04\/IP-Igualdad-724x1024.jpg 724w, https:\/\/grupodeenlace.cescyl.es\/wp-content\/uploads\/2021\/04\/IP-Igualdad-212x300.jpg 212w, https:\/\/grupodeenlace.cescyl.es\/wp-content\/uploads\/2021\/04\/IP-Igualdad-768x1086.jpg 768w, https:\/\/grupodeenlace.cescyl.es\/wp-content\/uploads\/2021\/04\/IP-Igualdad-1086x1536.jpg 1086w, https:\/\/grupodeenlace.cescyl.es\/wp-content\/uploads\/2021\/04\/IP-Igualdad-1448x2048.jpg 1448w, https:\/\/grupodeenlace.cescyl.es\/wp-content\/uploads\/2021\/04\/IP-Igualdad-1200x1697.jpg 1200w, https:\/\/grupodeenlace.cescyl.es\/wp-content\/uploads\/2021\/04\/IP-Igualdad-scaled.jpg 1810w\" sizes=\"auto, (max-width: 709px) 85vw, (max-width: 909px) 67vw, (max-width: 984px) 61vw, (max-width: 1362px) 45vw, 600px\" \/><\/figure>\n","protected":false},"excerpt":{"rendered":"<p>En el Pleno del Consejo Econ\u00f3mico y Social de Castilla y Le\u00f3n de 13 de abril de 2021 se aprob\u00f3 el Informe Previo sobre el Anteproyecto de Ley para garantizar el principio de igualdad de trato y de no discriminaci\u00f3n por raz\u00f3n de orientaci\u00f3n sexual e identidad de g\u00e9nero en la Comunidad de Castilla y &hellip; <a href=\"https:\/\/grupodeenlace.cescyl.es\/?p=803\" class=\"more-link\">Continuar leyendo<span class=\"screen-reader-text\"> &#8220;Informe Previo sobre el Anteproyecto de Ley para garantizar el principio de igualdad de trato y de no discriminaci\u00f3n por raz\u00f3n de orientaci\u00f3n sexual e identidad de g\u00e9nero en la Comunidad de Castilla y Le\u00f3n&#8221;<\/span><\/a><\/p>\n","protected":false},"author":2,"featured_media":0,"comment_status":"open","ping_status":"open","sticky":false,"template":"","format":"standard","meta":{"_s2mail":"yes","footnotes":""},"categories":[3],"tags":[],"class_list":["post-803","post","type-post","status-publish","format-standard","hentry","category-informacion-y-publicaciones-ces"],"_links":{"self":[{"href":"https:\/\/grupodeenlace.cescyl.es\/index.php?rest_route=\/wp\/v2\/posts\/803","targetHints":{"allow":["GET"]}}],"collection":[{"href":"https:\/\/grupodeenlace.cescyl.es\/index.php?rest_route=\/wp\/v2\/posts"}],"about":[{"href":"https:\/\/grupodeenlace.cescyl.es\/index.php?rest_route=\/wp\/v2\/types\/post"}],"author":[{"embeddable":true,"href":"https:\/\/grupodeenlace.cescyl.es\/index.php?rest_route=\/wp\/v2\/users\/2"}],"replies":[{"embeddable":true,"href":"https:\/\/grupodeenlace.cescyl.es\/index.php?rest_route=%2Fwp%2Fv2%2Fcomments&post=803"}],"version-history":[{"count":1,"href":"https:\/\/grupodeenlace.cescyl.es\/index.php?rest_route=\/wp\/v2\/posts\/803\/revisions"}],"predecessor-version":[{"id":805,"href":"https:\/\/grupodeenlace.cescyl.es\/index.php?rest_route=\/wp\/v2\/posts\/803\/revisions\/805"}],"wp:attachment":[{"href":"https:\/\/grupodeenlace.cescyl.es\/index.php?rest_route=%2Fwp%2Fv2%2Fmedia&parent=803"}],"wp:term":[{"taxonomy":"category","embeddable":true,"href":"https:\/\/grupodeenlace.cescyl.es\/index.php?rest_route=%2Fwp%2Fv2%2Fcategories&post=803"},{"taxonomy":"post_tag","embeddable":true,"href":"https:\/\/grupodeenlace.cescyl.es\/index.php?rest_route=%2Fwp%2Fv2%2Ftags&post=803"}],"curies":[{"name":"wp","href":"https:\/\/api.w.org\/{rel}","templated":true}]}}