{"id":925,"date":"2021-05-12T13:35:29","date_gmt":"2021-05-12T11:35:29","guid":{"rendered":"http:\/\/grupodeenlace.cescyl.es\/?p=925"},"modified":"2021-05-12T13:43:53","modified_gmt":"2021-05-12T11:43:53","slug":"subvenciones-para-la-financiacion-de-itinerarios-de-insercion-sociolaboral-de-personas-en-situacion-o-riesgo-de-exclusion-social-2021","status":"publish","type":"post","link":"https:\/\/grupodeenlace.cescyl.es\/?p=925","title":{"rendered":"Subvenciones para la financiaci\u00f3n de itinerarios de inserci\u00f3n sociolaboral de personas en situaci\u00f3n o riesgo de exclusi\u00f3n social (2021)"},"content":{"rendered":"\n<p>Subvenciones, en r\u00e9gimen de concurrencia competitiva y cofinanciadas por el Fondo Social Europeo (Programa Operativo 2014\/2020), destinadas a financiar los gastos derivados de la realizaci\u00f3n de itinerarios integrados y personalizados de inserci\u00f3n sociolaboral de personas en situaci\u00f3n o riesgo de exclusi\u00f3n social, con las finalidad de mejorar su empleabilidad a trav\u00e9s del desarrollo de sus capacidades personales y de su motivaci\u00f3n mediante la realizaci\u00f3n de actuaciones de informaci\u00f3n, valoraci\u00f3n y diagn\u00f3stico, orientaci\u00f3n, formaci\u00f3n, inserci\u00f3n, y acompa\u00f1amiento social y laboral.<\/p>\n\n\n\n<p><\/p>\n\n\n\n<p><strong>EXTRACTO de la Resoluci\u00f3n de 7 de mayo de 2021, de la Gerencia de Servicios Sociales de Castilla y Le\u00f3n<\/strong>:<\/p>\n\n\n\n<p><a href=\"https:\/\/bocyl.jcyl.es\/html\/2021\/05\/11\/html\/BOCYL-D-11052021-12.do\">https:\/\/bocyl.jcyl.es\/html\/2021\/05\/11\/html\/BOCYL-D-11052021-12.do<\/a><\/p>\n\n\n\n<p><\/p>\n\n\n\n<p><strong>Tramitaci\u00f3n electr\u00f3nica:<\/strong><\/p>\n\n\n\n<p><a href=\"https:\/\/www.tramitacastillayleon.jcyl.es\/web\/jcyl\/AdministracionElectronica\/es\/Plantilla100Detalle\/1251181050732\/Ayuda012\/1285054063075\/Propuesta?utm_source=alertascontenidos&amp;utm_medium=mail&amp;utm_campaign=Ayuda\">https:\/\/www.tramitacastillayleon.jcyl.es\/web\/jcyl\/AdministracionElectronica\/es\/Plantilla100Detalle\/1251181050732\/Ayuda012\/1285054063075\/Propuesta?utm_source=alertascontenidos&amp;utm_medium=mail&amp;utm_campaign=Ayuda<\/a><\/p>\n\n\n\n<p><\/p>\n\n\n\n<p><strong>Plazo:<\/strong> Desde el 12 de mayo de 2021 hasta el 31 de mayo de 2021<\/p>\n","protected":false},"excerpt":{"rendered":"<p>Subvenciones, en r\u00e9gimen de concurrencia competitiva y cofinanciadas por el Fondo Social Europeo (Programa Operativo 2014\/2020), destinadas a financiar los gastos derivados de la realizaci\u00f3n de itinerarios integrados y personalizados de inserci\u00f3n sociolaboral de personas en situaci\u00f3n o riesgo de exclusi\u00f3n social, con las finalidad de mejorar su empleabilidad a trav\u00e9s del desarrollo de sus &hellip; <a href=\"https:\/\/grupodeenlace.cescyl.es\/?p=925\" class=\"more-link\">Continuar leyendo<span class=\"screen-reader-text\"> &#8220;Subvenciones para la financiaci\u00f3n de itinerarios de inserci\u00f3n sociolaboral de personas en situaci\u00f3n o riesgo de exclusi\u00f3n social (2021)&#8221;<\/span><\/a><\/p>\n","protected":false},"author":2,"featured_media":0,"comment_status":"closed","ping_status":"closed","sticky":false,"template":"","format":"standard","meta":{"_s2mail":"","footnotes":""},"categories":[5],"tags":[],"class_list":["post-925","post","type-post","status-publish","format-standard","hentry","category-instrumentos-de-apoyo"],"_links":{"self":[{"href":"https:\/\/grupodeenlace.cescyl.es\/index.php?rest_route=\/wp\/v2\/posts\/925","targetHints":{"allow":["GET"]}}],"collection":[{"href":"https:\/\/grupodeenlace.cescyl.es\/index.php?rest_route=\/wp\/v2\/posts"}],"about":[{"href":"https:\/\/grupodeenlace.cescyl.es\/index.php?rest_route=\/wp\/v2\/types\/post"}],"author":[{"embeddable":true,"href":"https:\/\/grupodeenlace.cescyl.es\/index.php?rest_route=\/wp\/v2\/users\/2"}],"replies":[{"embeddable":true,"href":"https:\/\/grupodeenlace.cescyl.es\/index.php?rest_route=%2Fwp%2Fv2%2Fcomments&post=925"}],"version-history":[{"count":1,"href":"https:\/\/grupodeenlace.cescyl.es\/index.php?rest_route=\/wp\/v2\/posts\/925\/revisions"}],"predecessor-version":[{"id":926,"href":"https:\/\/grupodeenlace.cescyl.es\/index.php?rest_route=\/wp\/v2\/posts\/925\/revisions\/926"}],"wp:attachment":[{"href":"https:\/\/grupodeenlace.cescyl.es\/index.php?rest_route=%2Fwp%2Fv2%2Fmedia&parent=925"}],"wp:term":[{"taxonomy":"category","embeddable":true,"href":"https:\/\/grupodeenlace.cescyl.es\/index.php?rest_route=%2Fwp%2Fv2%2Fcategories&post=925"},{"taxonomy":"post_tag","embeddable":true,"href":"https:\/\/grupodeenlace.cescyl.es\/index.php?rest_route=%2Fwp%2Fv2%2Ftags&post=925"}],"curies":[{"name":"wp","href":"https:\/\/api.w.org\/{rel}","templated":true}]}}