{"id":933,"date":"2021-05-14T10:26:53","date_gmt":"2021-05-14T08:26:53","guid":{"rendered":"http:\/\/grupodeenlace.cescyl.es\/?p=933"},"modified":"2021-05-14T10:30:59","modified_gmt":"2021-05-14T08:30:59","slug":"reforma-del-articulo-49-de-la-constitucion-espanola","status":"publish","type":"post","link":"https:\/\/grupodeenlace.cescyl.es\/?p=933","title":{"rendered":"Reforma del art\u00edculo 49 de la Constituci\u00f3n Espa\u00f1ola"},"content":{"rendered":"\n<p><\/p>\n\n\n\n<p>El Consejo de Ministros ha aprobado el Proyecto de reforma del art\u00edculo 49 de la Constituci\u00f3n Espa\u00f1ola, relativo a la protecci\u00f3n y promoci\u00f3n de los derechos de las personas con discapacidad en Espa\u00f1a.<\/p>\n\n\n\n<p>Con esta reforma, el art\u00edculo 49 de la Constituci\u00f3n Espa\u00f1ola se actualiza para adaptarlo a la Convenci\u00f3n de 2006 y se modifica \u00edntegramente tanto desde el punto de vista del lenguaje como de su estructura y contenido.<\/p>\n\n\n\n<p>La reforma del art\u00edculo 49 de la Constituci\u00f3n Espa\u00f1ola entrar\u00e1 en vigor el mismo d\u00eda de la publicaci\u00f3n de su texto oficial en el \u00abBolet\u00edn Oficial del Estado\u00bb. Se publicar\u00e1 tambi\u00e9n en las dem\u00e1s lenguas de Espa\u00f1a.<\/p>\n\n\n\n<p>El art\u00edculo 49 de la Constituci\u00f3n Espa\u00f1ola queda redactado en los siguientes t\u00e9rminos:<\/p>\n\n\n\n<p><em>&#8220;Art\u00edculo 49&#8221;<\/em><\/p>\n\n\n\n<p><em>\u201cLas personas con discapacidad son titulares de los derechos y deberes previstos en este T\u00edtulo en condiciones de libertad e igualdad real y efectiva, sin que pueda producirse discriminaci\u00f3n.<\/em><\/p>\n\n\n\n<p><em>Los poderes p\u00fablicos realizar\u00e1n las pol\u00edticas necesarias para garantizar la plena autonom\u00eda personal e inclusi\u00f3n social de las personas con discapacidad. Estas pol\u00edticas respetar\u00e1n su libertad de elecci\u00f3n y preferencias, y ser\u00e1n adoptadas con la participaci\u00f3n de las organizaciones representativas de personas con discapacidad en los t\u00e9rminos que establezcan las leyes. Se atender\u00e1n particularmente las necesidades espec\u00edficas de las mujeres y ni\u00f1as con discapacidad.<\/em><\/p>\n\n\n\n<p><em>Se regular\u00e1 la especial protecci\u00f3n de las personas con discapacidad para el pleno ejercicio de sus derechos y deberes.<\/em><\/p>\n\n\n\n<p><em>Las personas con discapacidad gozan de la protecci\u00f3n prevista en los tratados internacionales ratificados por Espa\u00f1a que velan por sus derechos.&#8221;<\/em><\/p>\n\n\n\n<p><\/p>\n\n\n\n<p><a href=\"https:\/\/www.lamoncloa.gob.es\/consejodeministros\/referencias\/Paginas\/2021\/refc20210511.aspx#Presi_articulo\">https:\/\/www.lamoncloa.gob.es\/consejodeministros\/referencias\/Paginas\/2021\/refc20210511.aspx#Presi_articulo<\/a><\/p>\n","protected":false},"excerpt":{"rendered":"<p>El Consejo de Ministros ha aprobado el Proyecto de reforma del art\u00edculo 49 de la Constituci\u00f3n Espa\u00f1ola, relativo a la protecci\u00f3n y promoci\u00f3n de los derechos de las personas con discapacidad en Espa\u00f1a. Con esta reforma, el art\u00edculo 49 de la Constituci\u00f3n Espa\u00f1ola se actualiza para adaptarlo a la Convenci\u00f3n de 2006 y se modifica &hellip; <a href=\"https:\/\/grupodeenlace.cescyl.es\/?p=933\" class=\"more-link\">Continuar leyendo<span class=\"screen-reader-text\"> &#8220;Reforma del art\u00edculo 49 de la Constituci\u00f3n Espa\u00f1ola&#8221;<\/span><\/a><\/p>\n","protected":false},"author":2,"featured_media":0,"comment_status":"open","ping_status":"open","sticky":false,"template":"","format":"standard","meta":{"_s2mail":"","footnotes":""},"categories":[2],"tags":[],"class_list":["post-933","post","type-post","status-publish","format-standard","hentry","category-normativa"],"_links":{"self":[{"href":"https:\/\/grupodeenlace.cescyl.es\/index.php?rest_route=\/wp\/v2\/posts\/933","targetHints":{"allow":["GET"]}}],"collection":[{"href":"https:\/\/grupodeenlace.cescyl.es\/index.php?rest_route=\/wp\/v2\/posts"}],"about":[{"href":"https:\/\/grupodeenlace.cescyl.es\/index.php?rest_route=\/wp\/v2\/types\/post"}],"author":[{"embeddable":true,"href":"https:\/\/grupodeenlace.cescyl.es\/index.php?rest_route=\/wp\/v2\/users\/2"}],"replies":[{"embeddable":true,"href":"https:\/\/grupodeenlace.cescyl.es\/index.php?rest_route=%2Fwp%2Fv2%2Fcomments&post=933"}],"version-history":[{"count":2,"href":"https:\/\/grupodeenlace.cescyl.es\/index.php?rest_route=\/wp\/v2\/posts\/933\/revisions"}],"predecessor-version":[{"id":935,"href":"https:\/\/grupodeenlace.cescyl.es\/index.php?rest_route=\/wp\/v2\/posts\/933\/revisions\/935"}],"wp:attachment":[{"href":"https:\/\/grupodeenlace.cescyl.es\/index.php?rest_route=%2Fwp%2Fv2%2Fmedia&parent=933"}],"wp:term":[{"taxonomy":"category","embeddable":true,"href":"https:\/\/grupodeenlace.cescyl.es\/index.php?rest_route=%2Fwp%2Fv2%2Fcategories&post=933"},{"taxonomy":"post_tag","embeddable":true,"href":"https:\/\/grupodeenlace.cescyl.es\/index.php?rest_route=%2Fwp%2Fv2%2Ftags&post=933"}],"curies":[{"name":"wp","href":"https:\/\/api.w.org\/{rel}","templated":true}]}}