{"id":937,"date":"2021-05-17T12:08:51","date_gmt":"2021-05-17T10:08:51","guid":{"rendered":"http:\/\/grupodeenlace.cescyl.es\/?p=937"},"modified":"2021-05-17T16:44:14","modified_gmt":"2021-05-17T14:44:14","slug":"informes-previos-sobre-el-proyecto-de-decreto-de-ordenacion-y-fomento-de-la-artesania-de-castilla-y-leon-sobre-el-proyecto-de-decreto-por-el-que-se-regulan-el-registro-de-intermediarios-de-credito-in","status":"publish","type":"post","link":"https:\/\/grupodeenlace.cescyl.es\/?p=937","title":{"rendered":"Informes Previos sobre el Proyecto de Decreto de ordenaci\u00f3n y fomento de la artesan\u00eda de Castilla y Le\u00f3n, sobre el Proyecto de Decreto por el que se regulan el Registro de Intermediarios de Cr\u00e9dito Inmobiliario y Prestamistas Inmobiliarios de Castilla y Le\u00f3n y las funciones de supervisi\u00f3n y sanci\u00f3n a los mismos y sobre el Anteproyecto de Ley de derechos y garant\u00edas de las personas al final de su vida"},"content":{"rendered":"\n<p>En el Pleno del Consejo Econ\u00f3mico y Social de Castilla y Le\u00f3n de 12 de mayo de 2021 se aprob\u00f3:<\/p>\n\n\n\n<p><strong>Informe Previo sobre el Proyecto de Decreto de ordenaci\u00f3n y fomento de la artesan\u00eda de Castilla y Le\u00f3n.<\/strong><\/p>\n\n\n\n<p><a href=\"https:\/\/www.cescyl.es\/es\/publicaciones\/informes-previos\/informe-previo-proyecto-decreto-ordenacion-fomento-artesani\">https:\/\/www.cescyl.es\/es\/publicaciones\/informes-previos\/informe-previo-proyecto-decreto-ordenacion-fomento-artesani<\/a><\/p>\n\n\n\n<figure class=\"wp-block-image size-large\"><img loading=\"lazy\" decoding=\"async\" width=\"411\" height=\"582\" src=\"https:\/\/grupodeenlace.cescyl.es\/wp-content\/uploads\/2021\/05\/image-1.png\" alt=\"\" class=\"wp-image-938\" srcset=\"https:\/\/grupodeenlace.cescyl.es\/wp-content\/uploads\/2021\/05\/image-1.png 411w, https:\/\/grupodeenlace.cescyl.es\/wp-content\/uploads\/2021\/05\/image-1-212x300.png 212w\" sizes=\"auto, (max-width: 411px) 85vw, 411px\" \/><\/figure>\n\n\n\n<p><\/p>\n\n\n\n<p><\/p>\n\n\n\n<p><strong>Informe Previo sobre el Proyecto de Decreto por el que se regulan el Registro de Intermediarios de Cr\u00e9dito Inmobiliario y Prestamistas Inmobiliarios de Castilla y Le\u00f3n y las funciones de supervisi\u00f3n y sanci\u00f3n a los mismos.<\/strong><\/p>\n\n\n\n<p><a href=\"https:\/\/www.cescyl.es\/es\/publicaciones\/informes-previos\/informe-previo-proyecto-decreto-regulan-registro-intermedia\">https:\/\/www.cescyl.es\/es\/publicaciones\/informes-previos\/informe-previo-proyecto-decreto-regulan-registro-intermedia<\/a><\/p>\n\n\n\n<figure class=\"wp-block-image size-large\"><img loading=\"lazy\" decoding=\"async\" width=\"431\" height=\"592\" src=\"https:\/\/grupodeenlace.cescyl.es\/wp-content\/uploads\/2021\/05\/image-2.png\" alt=\"\" class=\"wp-image-939\" srcset=\"https:\/\/grupodeenlace.cescyl.es\/wp-content\/uploads\/2021\/05\/image-2.png 431w, https:\/\/grupodeenlace.cescyl.es\/wp-content\/uploads\/2021\/05\/image-2-218x300.png 218w\" sizes=\"auto, (max-width: 431px) 85vw, 431px\" \/><\/figure>\n\n\n\n<p><\/p>\n\n\n\n<p><\/p>\n\n\n\n<p><strong>Informe Previo sobre el Anteproyecto de Ley de derechos y garant\u00edas de las personas al final de su vida<\/strong>.<\/p>\n\n\n\n<p><a href=\"https:\/\/www.cescyl.es\/es\/publicaciones\/informes-previos\/informe-previo-anteproyecto-ley-derechos-garantias-personas\">https:\/\/www.cescyl.es\/es\/publicaciones\/informes-previos\/informe-previo-anteproyecto-ley-derechos-garantias-personas<\/a><\/p>\n\n\n\n<figure class=\"wp-block-image size-large\"><img loading=\"lazy\" decoding=\"async\" width=\"426\" height=\"578\" src=\"https:\/\/grupodeenlace.cescyl.es\/wp-content\/uploads\/2021\/05\/image-3.png\" alt=\"\" class=\"wp-image-940\" srcset=\"https:\/\/grupodeenlace.cescyl.es\/wp-content\/uploads\/2021\/05\/image-3.png 426w, https:\/\/grupodeenlace.cescyl.es\/wp-content\/uploads\/2021\/05\/image-3-221x300.png 221w\" sizes=\"auto, (max-width: 426px) 85vw, 426px\" \/><\/figure>\n","protected":false},"excerpt":{"rendered":"<p>En el Pleno del Consejo Econ\u00f3mico y Social de Castilla y Le\u00f3n de 12 de mayo de 2021 se aprob\u00f3: Informe Previo sobre el Proyecto de Decreto de ordenaci\u00f3n y fomento de la artesan\u00eda de Castilla y Le\u00f3n. https:\/\/www.cescyl.es\/es\/publicaciones\/informes-previos\/informe-previo-proyecto-decreto-ordenacion-fomento-artesani Informe Previo sobre el Proyecto de Decreto por el que se regulan el Registro de Intermediarios &hellip; <a href=\"https:\/\/grupodeenlace.cescyl.es\/?p=937\" class=\"more-link\">Continuar leyendo<span class=\"screen-reader-text\"> &#8220;Informes Previos sobre el Proyecto de Decreto de ordenaci\u00f3n y fomento de la artesan\u00eda de Castilla y Le\u00f3n, sobre el Proyecto de Decreto por el que se regulan el Registro de Intermediarios de Cr\u00e9dito Inmobiliario y Prestamistas Inmobiliarios de Castilla y Le\u00f3n y las funciones de supervisi\u00f3n y sanci\u00f3n a los mismos y sobre el Anteproyecto de Ley de derechos y garant\u00edas de las personas al final de su vida&#8221;<\/span><\/a><\/p>\n","protected":false},"author":2,"featured_media":0,"comment_status":"open","ping_status":"open","sticky":false,"template":"","format":"standard","meta":{"_s2mail":"","footnotes":""},"categories":[3],"tags":[],"class_list":["post-937","post","type-post","status-publish","format-standard","hentry","category-informacion-y-publicaciones-ces"],"_links":{"self":[{"href":"https:\/\/grupodeenlace.cescyl.es\/index.php?rest_route=\/wp\/v2\/posts\/937","targetHints":{"allow":["GET"]}}],"collection":[{"href":"https:\/\/grupodeenlace.cescyl.es\/index.php?rest_route=\/wp\/v2\/posts"}],"about":[{"href":"https:\/\/grupodeenlace.cescyl.es\/index.php?rest_route=\/wp\/v2\/types\/post"}],"author":[{"embeddable":true,"href":"https:\/\/grupodeenlace.cescyl.es\/index.php?rest_route=\/wp\/v2\/users\/2"}],"replies":[{"embeddable":true,"href":"https:\/\/grupodeenlace.cescyl.es\/index.php?rest_route=%2Fwp%2Fv2%2Fcomments&post=937"}],"version-history":[{"count":1,"href":"https:\/\/grupodeenlace.cescyl.es\/index.php?rest_route=\/wp\/v2\/posts\/937\/revisions"}],"predecessor-version":[{"id":941,"href":"https:\/\/grupodeenlace.cescyl.es\/index.php?rest_route=\/wp\/v2\/posts\/937\/revisions\/941"}],"wp:attachment":[{"href":"https:\/\/grupodeenlace.cescyl.es\/index.php?rest_route=%2Fwp%2Fv2%2Fmedia&parent=937"}],"wp:term":[{"taxonomy":"category","embeddable":true,"href":"https:\/\/grupodeenlace.cescyl.es\/index.php?rest_route=%2Fwp%2Fv2%2Fcategories&post=937"},{"taxonomy":"post_tag","embeddable":true,"href":"https:\/\/grupodeenlace.cescyl.es\/index.php?rest_route=%2Fwp%2Fv2%2Ftags&post=937"}],"curies":[{"name":"wp","href":"https:\/\/api.w.org\/{rel}","templated":true}]}}