{"id":942,"date":"2021-05-19T09:19:17","date_gmt":"2021-05-19T07:19:17","guid":{"rendered":"http:\/\/grupodeenlace.cescyl.es\/?p=942"},"modified":"2021-05-19T09:21:16","modified_gmt":"2021-05-19T07:21:16","slug":"cuadernos-para-la-reconstruccion-economica-y-social-no28","status":"publish","type":"post","link":"https:\/\/grupodeenlace.cescyl.es\/?p=942","title":{"rendered":"Cuadernos para la reconstrucci\u00f3n econ\u00f3mica y social N\u00ba28"},"content":{"rendered":"\n<p><\/p>\n\n\n\n<figure class=\"wp-block-image size-large is-resized\"><img loading=\"lazy\" decoding=\"async\" src=\"https:\/\/grupodeenlace.cescyl.es\/wp-content\/uploads\/2021\/05\/image-4.png\" alt=\"\" class=\"wp-image-943\" width=\"732\" height=\"92\" srcset=\"https:\/\/grupodeenlace.cescyl.es\/wp-content\/uploads\/2021\/05\/image-4.png 541w, https:\/\/grupodeenlace.cescyl.es\/wp-content\/uploads\/2021\/05\/image-4-300x38.png 300w\" sizes=\"auto, (max-width: 709px) 85vw, (max-width: 909px) 67vw, (max-width: 984px) 61vw, (max-width: 1362px) 45vw, 600px\" \/><\/figure>\n\n\n\n<p><\/p>\n\n\n\n<p><strong>La imprescindibilidad del tercer sector de acci\u00f3n social. Autor: Enrique Cabero Mor\u00e1n.<\/strong><\/p>\n\n\n\n<p><a href=\"http:\/\/cres.cescyl.es\/la-imprescindibilidad-del-tercer-sector-de-accion-social\/\">http:\/\/cres.cescyl.es\/la-imprescindibilidad-del-tercer-sector-de-accion-social\/<\/a><\/p>\n\n\n\n<p><\/p>\n\n\n\n<p><strong>Presentaci\u00f3n de la Plataforma del Tercer Sector de Castilla y Le\u00f3n (PTSCYL). Autor: Plataforma del Tercer Sector de Castilla y Le\u00f3n.<\/strong><\/p>\n\n\n\n<p><a href=\"http:\/\/cres.cescyl.es\/presentacion-de-la-plataforma-del-tercer-sector-de-castilla-y-leon-ptscyl\/\">http:\/\/cres.cescyl.es\/presentacion-de-la-plataforma-del-tercer-sector-de-castilla-y-leon-ptscyl\/<\/a><\/p>\n\n\n\n<p><\/p>\n\n\n\n<p><strong>La PTSCYL como generadora de empleo social y su importancia en la Comunidad. Autor: Plataforma del Tercer Sector de Castilla y Le\u00f3n.<\/strong><\/p>\n\n\n\n<p><a href=\"http:\/\/cres.cescyl.es\/la-ptscyl-como-generadora-de-empleo-social-y-su-importancia-en-la-comunidad\/\">http:\/\/cres.cescyl.es\/la-ptscyl-como-generadora-de-empleo-social-y-su-importancia-en-la-comunidad\/<\/a><\/p>\n\n\n\n<p><\/p>\n\n\n\n<p><strong>Importancia del Tercer Sector en la reconstrucci\u00f3n social. Autor: Plataforma del Tercer Sector de Castilla y Le\u00f3n.<\/strong><\/p>\n\n\n\n<p><a href=\"http:\/\/cres.cescyl.es\/importancia-del-tercer-sector-en-la-reconstruccion-social\/\">http:\/\/cres.cescyl.es\/importancia-del-tercer-sector-en-la-reconstruccion-social\/<\/a><\/p>\n\n\n\n<p><\/p>\n\n\n\n<figure class=\"wp-block-image size-large is-resized\"><img loading=\"lazy\" decoding=\"async\" src=\"https:\/\/grupodeenlace.cescyl.es\/wp-content\/uploads\/2021\/05\/image-5.png\" alt=\"\" class=\"wp-image-944\" width=\"692\" height=\"87\" srcset=\"https:\/\/grupodeenlace.cescyl.es\/wp-content\/uploads\/2021\/05\/image-5.png 541w, https:\/\/grupodeenlace.cescyl.es\/wp-content\/uploads\/2021\/05\/image-5-300x38.png 300w\" sizes=\"auto, (max-width: 709px) 85vw, (max-width: 909px) 67vw, (max-width: 984px) 61vw, (max-width: 1362px) 45vw, 600px\" \/><\/figure>\n","protected":false},"excerpt":{"rendered":"<p>La imprescindibilidad del tercer sector de acci\u00f3n social. Autor: Enrique Cabero Mor\u00e1n. http:\/\/cres.cescyl.es\/la-imprescindibilidad-del-tercer-sector-de-accion-social\/ Presentaci\u00f3n de la Plataforma del Tercer Sector de Castilla y Le\u00f3n (PTSCYL). Autor: Plataforma del Tercer Sector de Castilla y Le\u00f3n. http:\/\/cres.cescyl.es\/presentacion-de-la-plataforma-del-tercer-sector-de-castilla-y-leon-ptscyl\/ La PTSCYL como generadora de empleo social y su importancia en la Comunidad. Autor: Plataforma del Tercer Sector de Castilla &hellip; <a href=\"https:\/\/grupodeenlace.cescyl.es\/?p=942\" class=\"more-link\">Continuar leyendo<span class=\"screen-reader-text\"> &#8220;Cuadernos para la reconstrucci\u00f3n econ\u00f3mica y social N\u00ba28&#8221;<\/span><\/a><\/p>\n","protected":false},"author":2,"featured_media":0,"comment_status":"open","ping_status":"open","sticky":false,"template":"","format":"standard","meta":{"_s2mail":"","footnotes":""},"categories":[3],"tags":[],"class_list":["post-942","post","type-post","status-publish","format-standard","hentry","category-informacion-y-publicaciones-ces"],"_links":{"self":[{"href":"https:\/\/grupodeenlace.cescyl.es\/index.php?rest_route=\/wp\/v2\/posts\/942","targetHints":{"allow":["GET"]}}],"collection":[{"href":"https:\/\/grupodeenlace.cescyl.es\/index.php?rest_route=\/wp\/v2\/posts"}],"about":[{"href":"https:\/\/grupodeenlace.cescyl.es\/index.php?rest_route=\/wp\/v2\/types\/post"}],"author":[{"embeddable":true,"href":"https:\/\/grupodeenlace.cescyl.es\/index.php?rest_route=\/wp\/v2\/users\/2"}],"replies":[{"embeddable":true,"href":"https:\/\/grupodeenlace.cescyl.es\/index.php?rest_route=%2Fwp%2Fv2%2Fcomments&post=942"}],"version-history":[{"count":3,"href":"https:\/\/grupodeenlace.cescyl.es\/index.php?rest_route=\/wp\/v2\/posts\/942\/revisions"}],"predecessor-version":[{"id":947,"href":"https:\/\/grupodeenlace.cescyl.es\/index.php?rest_route=\/wp\/v2\/posts\/942\/revisions\/947"}],"wp:attachment":[{"href":"https:\/\/grupodeenlace.cescyl.es\/index.php?rest_route=%2Fwp%2Fv2%2Fmedia&parent=942"}],"wp:term":[{"taxonomy":"category","embeddable":true,"href":"https:\/\/grupodeenlace.cescyl.es\/index.php?rest_route=%2Fwp%2Fv2%2Fcategories&post=942"},{"taxonomy":"post_tag","embeddable":true,"href":"https:\/\/grupodeenlace.cescyl.es\/index.php?rest_route=%2Fwp%2Fv2%2Ftags&post=942"}],"curies":[{"name":"wp","href":"https:\/\/api.w.org\/{rel}","templated":true}]}}