{"id":963,"date":"2021-05-28T14:07:22","date_gmt":"2021-05-28T12:07:22","guid":{"rendered":"http:\/\/grupodeenlace.cescyl.es\/?p=963"},"modified":"2021-05-28T14:08:35","modified_gmt":"2021-05-28T12:08:35","slug":"__trashed-2","status":"publish","type":"post","link":"https:\/\/grupodeenlace.cescyl.es\/?p=963","title":{"rendered":"Jornada Pol\u00edticas Europeas y Estrategias de Lucha Contra la Pobreza (EAPN Castilla y Le\u00f3n)"},"content":{"rendered":"\n<p><\/p>\n\n\n\n<p>El d\u00eda 3 de junio en horario de 9:30 a 13:00h se celebra de forma telem\u00e1tica la jornada \u201cPol\u00edticas Europeas y Estrategias de Lucha Contra la Pobreza\u201d que organiza EAPN Castilla y Le\u00f3n junto con EAPN Espa\u00f1a.<\/p>\n\n\n\n<p>En esta jornada se analizar\u00e1n las pol\u00edticas europeas en materia de inclusi\u00f3n social y reducci\u00f3n de la pobreza, brindando una perspectiva a nivel nacional y auton\u00f3mico y profundizando en las posibilidades de financiaci\u00f3n que se abren con el nuevo marco de fondos europeos.<\/p>\n\n\n\n<p><\/p>\n\n\n\n<p>Mas informaci\u00f3n en \u00a0<a href=\"https:\/\/www.eapncastillayleon.es\/\">https:\/\/www.eapncastillayleon.es\/<\/a> \u00a0desde donde se puede acceder al enlace de inscripci\u00f3n y al programa completo.<\/p>\n\n\n\n<p><\/p>\n\n\n\n<figure class=\"wp-block-image size-large is-resized\"><img loading=\"lazy\" decoding=\"async\" src=\"https:\/\/grupodeenlace.cescyl.es\/wp-content\/uploads\/2021\/05\/image-9.png\" alt=\"\" class=\"wp-image-964\" width=\"634\" height=\"296\" srcset=\"https:\/\/grupodeenlace.cescyl.es\/wp-content\/uploads\/2021\/05\/image-9.png 587w, https:\/\/grupodeenlace.cescyl.es\/wp-content\/uploads\/2021\/05\/image-9-300x140.png 300w\" sizes=\"auto, (max-width: 709px) 85vw, (max-width: 909px) 67vw, (max-width: 984px) 61vw, (max-width: 1362px) 45vw, 600px\" \/><\/figure>\n","protected":false},"excerpt":{"rendered":"<p>El d\u00eda 3 de junio en horario de 9:30 a 13:00h se celebra de forma telem\u00e1tica la jornada \u201cPol\u00edticas Europeas y Estrategias de Lucha Contra la Pobreza\u201d que organiza EAPN Castilla y Le\u00f3n junto con EAPN Espa\u00f1a. En esta jornada se analizar\u00e1n las pol\u00edticas europeas en materia de inclusi\u00f3n social y reducci\u00f3n de la pobreza, &hellip; <a href=\"https:\/\/grupodeenlace.cescyl.es\/?p=963\" class=\"more-link\">Continuar leyendo<span class=\"screen-reader-text\"> &#8220;Jornada Pol\u00edticas Europeas y Estrategias de Lucha Contra la Pobreza (EAPN Castilla y Le\u00f3n)&#8221;<\/span><\/a><\/p>\n","protected":false},"author":2,"featured_media":0,"comment_status":"open","ping_status":"open","sticky":false,"template":"","format":"standard","meta":{"_s2mail":"","footnotes":""},"categories":[10],"tags":[],"class_list":["post-963","post","type-post","status-publish","format-standard","hentry","category-noticias-de-los-miembros-del-grupo"],"_links":{"self":[{"href":"https:\/\/grupodeenlace.cescyl.es\/index.php?rest_route=\/wp\/v2\/posts\/963","targetHints":{"allow":["GET"]}}],"collection":[{"href":"https:\/\/grupodeenlace.cescyl.es\/index.php?rest_route=\/wp\/v2\/posts"}],"about":[{"href":"https:\/\/grupodeenlace.cescyl.es\/index.php?rest_route=\/wp\/v2\/types\/post"}],"author":[{"embeddable":true,"href":"https:\/\/grupodeenlace.cescyl.es\/index.php?rest_route=\/wp\/v2\/users\/2"}],"replies":[{"embeddable":true,"href":"https:\/\/grupodeenlace.cescyl.es\/index.php?rest_route=%2Fwp%2Fv2%2Fcomments&post=963"}],"version-history":[{"count":1,"href":"https:\/\/grupodeenlace.cescyl.es\/index.php?rest_route=\/wp\/v2\/posts\/963\/revisions"}],"predecessor-version":[{"id":965,"href":"https:\/\/grupodeenlace.cescyl.es\/index.php?rest_route=\/wp\/v2\/posts\/963\/revisions\/965"}],"wp:attachment":[{"href":"https:\/\/grupodeenlace.cescyl.es\/index.php?rest_route=%2Fwp%2Fv2%2Fmedia&parent=963"}],"wp:term":[{"taxonomy":"category","embeddable":true,"href":"https:\/\/grupodeenlace.cescyl.es\/index.php?rest_route=%2Fwp%2Fv2%2Fcategories&post=963"},{"taxonomy":"post_tag","embeddable":true,"href":"https:\/\/grupodeenlace.cescyl.es\/index.php?rest_route=%2Fwp%2Fv2%2Ftags&post=963"}],"curies":[{"name":"wp","href":"https:\/\/api.w.org\/{rel}","templated":true}]}}