{"id":967,"date":"2021-06-03T08:45:23","date_gmt":"2021-06-03T06:45:23","guid":{"rendered":"http:\/\/grupodeenlace.cescyl.es\/?p=967"},"modified":"2021-06-03T08:49:48","modified_gmt":"2021-06-03T06:49:48","slug":"reforma-la-legislacion-civil-y-procesal-para-el-apoyo-a-las-personas-con-discapacidad-en-el-ejercicio-de-su-capacidad-juridica","status":"publish","type":"post","link":"https:\/\/grupodeenlace.cescyl.es\/?p=967","title":{"rendered":"Reforma la legislaci\u00f3n civil y procesal para el apoyo a las personas con discapacidad en el ejercicio de su capacidad jur\u00eddica."},"content":{"rendered":"\n<p>El BOE de 3 de junio de 2021 publica la <em>Ley 8\/2021, de 2 de junio, por la que se reforma la legislaci\u00f3n civil y procesal para el apoyo a las personas con discapacidad en el ejercicio de su capacidad jur\u00eddica<\/em>.<\/p>\n\n\n\n<p>La presente reforma de la legislaci\u00f3n civil y procesal supone la adecuaci\u00f3n del ordenamiento jur\u00eddico a la Convenci\u00f3n internacional sobre los derechos de las personas con discapacidad, hecha en Nueva York el 13 de diciembre de 2006, tratado internacional que, en su art\u00edculo 12, proclama que las personas con discapacidad tienen capacidad jur\u00eddica en igualdad de condiciones con las dem\u00e1s en todos los aspectos de la vida, y obliga a los Estados Partes a adoptar las medidas pertinentes para proporcionar a las personas con discapacidad acceso al apoyo que puedan necesitar en el ejercicio de su capacidad jur\u00eddica.<\/p>\n\n\n\n<p><\/p>\n\n\n\n<p><strong>Ley 8\/2021, de 2 de junio, por la que se reforma la legislaci\u00f3n civil y procesal para el apoyo a las personas con discapacidad en el ejercicio de su capacidad jur\u00eddica<\/strong>.<\/p>\n\n\n\n<p><\/p>\n\n\n\n<p><a href=\"https:\/\/www.boe.es\/diario_boe\/txt.php?id=BOE-A-2021-9233\">https:\/\/www.boe.es\/diario_boe\/txt.php?id=BOE-A-2021-9233<\/a><\/p>\n\n\n\n<p><\/p>\n","protected":false},"excerpt":{"rendered":"<p>El BOE de 3 de junio de 2021 publica la Ley 8\/2021, de 2 de junio, por la que se reforma la legislaci\u00f3n civil y procesal para el apoyo a las personas con discapacidad en el ejercicio de su capacidad jur\u00eddica. La presente reforma de la legislaci\u00f3n civil y procesal supone la adecuaci\u00f3n del ordenamiento &hellip; <a href=\"https:\/\/grupodeenlace.cescyl.es\/?p=967\" class=\"more-link\">Continuar leyendo<span class=\"screen-reader-text\"> &#8220;Reforma la legislaci\u00f3n civil y procesal para el apoyo a las personas con discapacidad en el ejercicio de su capacidad jur\u00eddica.&#8221;<\/span><\/a><\/p>\n","protected":false},"author":2,"featured_media":0,"comment_status":"open","ping_status":"open","sticky":false,"template":"","format":"standard","meta":{"_s2mail":"","footnotes":""},"categories":[2],"tags":[],"class_list":["post-967","post","type-post","status-publish","format-standard","hentry","category-normativa"],"_links":{"self":[{"href":"https:\/\/grupodeenlace.cescyl.es\/index.php?rest_route=\/wp\/v2\/posts\/967","targetHints":{"allow":["GET"]}}],"collection":[{"href":"https:\/\/grupodeenlace.cescyl.es\/index.php?rest_route=\/wp\/v2\/posts"}],"about":[{"href":"https:\/\/grupodeenlace.cescyl.es\/index.php?rest_route=\/wp\/v2\/types\/post"}],"author":[{"embeddable":true,"href":"https:\/\/grupodeenlace.cescyl.es\/index.php?rest_route=\/wp\/v2\/users\/2"}],"replies":[{"embeddable":true,"href":"https:\/\/grupodeenlace.cescyl.es\/index.php?rest_route=%2Fwp%2Fv2%2Fcomments&post=967"}],"version-history":[{"count":1,"href":"https:\/\/grupodeenlace.cescyl.es\/index.php?rest_route=\/wp\/v2\/posts\/967\/revisions"}],"predecessor-version":[{"id":968,"href":"https:\/\/grupodeenlace.cescyl.es\/index.php?rest_route=\/wp\/v2\/posts\/967\/revisions\/968"}],"wp:attachment":[{"href":"https:\/\/grupodeenlace.cescyl.es\/index.php?rest_route=%2Fwp%2Fv2%2Fmedia&parent=967"}],"wp:term":[{"taxonomy":"category","embeddable":true,"href":"https:\/\/grupodeenlace.cescyl.es\/index.php?rest_route=%2Fwp%2Fv2%2Fcategories&post=967"},{"taxonomy":"post_tag","embeddable":true,"href":"https:\/\/grupodeenlace.cescyl.es\/index.php?rest_route=%2Fwp%2Fv2%2Ftags&post=967"}],"curies":[{"name":"wp","href":"https:\/\/api.w.org\/{rel}","templated":true}]}}