{"id":970,"date":"2021-06-04T13:25:34","date_gmt":"2021-06-04T11:25:34","guid":{"rendered":"http:\/\/grupodeenlace.cescyl.es\/?p=970"},"modified":"2021-06-07T07:42:15","modified_gmt":"2021-06-07T05:42:15","slug":"subvenciones-destinadas-a-la-financiacion-del-programa-especifico-de-viviendas-y-apoyos-para-la-vida-independiente-ligados-al-desarrollo-de-itinerarios-personalizados-de-insercion-sociolaboral-para-pe","status":"publish","type":"post","link":"https:\/\/grupodeenlace.cescyl.es\/?p=970","title":{"rendered":"Subvenciones destinadas a la financiaci\u00f3n del programa espec\u00edfico de viviendas y apoyos para la vida independiente ligados al desarrollo de itinerarios personalizados de inserci\u00f3n sociolaboral para personas con discapacidad."},"content":{"rendered":"\n<p><\/p>\n\n\n\n<p>Subvenciones, en r\u00e9gimen de concesi\u00f3n directa, y cofinanciadas por el Fondo Social Europeo (Programa Operativo 2014\/2020), para la financiaci\u00f3n de los gastos generados a las entidades para prestar los apoyos necesarios al desarrollo de la vida independiente de los participantes en los itinerarios personalizados de inserci\u00f3n sociolaboral para personas con discapacidad, con la finalidad de favorecer la incorporaci\u00f3n y mantenimiento del empleo de las personas con discapacidad que participen en el Programa de Itinerarios personalizados de inserci\u00f3n sociolaboral, cofinanciados por FSE y\/o YEI, y que tengan especiales dificultades de inserci\u00f3n laboral.<\/p>\n\n\n\n<ul class=\"wp-block-list\"><li>Extracto de la Resoluci\u00f3n de 26 de mayo de 2021, de la Gerencia de Servicios Sociales de Castilla y Le\u00f3n<\/li><\/ul>\n\n\n\n<p><a href=\"https:\/\/bocyl.jcyl.es\/html\/2021\/06\/04\/html\/BOCYL-D-04062021-7.do\">https:\/\/bocyl.jcyl.es\/html\/2021\/06\/04\/html\/BOCYL-D-04062021-7.do<\/a><\/p>\n\n\n\n<ul class=\"wp-block-list\"><li>Tramitaci\u00f3n electr\u00f3nica<\/li><\/ul>\n\n\n\n<p><a href=\"https:\/\/www.tramitacastillayleon.jcyl.es\/web\/jcyl\/AdministracionElectronica\/es\/Plantilla100Detalle\/1251181050732\/Ayuda012\/1285062913505\/Propuesta\">https:\/\/www.tramitacastillayleon.jcyl.es\/web\/jcyl\/AdministracionElectronica\/es\/Plantilla100Detalle\/1251181050732\/Ayuda012\/1285062913505\/Propuesta<\/a><\/p>\n\n\n\n<p><\/p>\n\n\n\n<p><strong>Subvenciones destinadas a la financiaci\u00f3n del programa espec\u00edfico de formaci\u00f3n y acciones de apoyo al empleo de personas con discapacidad<\/strong>.<\/p>\n\n\n\n<p>Subvenciones, en r\u00e9gimen de concesi\u00f3n directa, y cofinanciadas por el Fondo Social Europeo (Programa Operativo 2014\/2020), para la financiaci\u00f3n de los gastos generados a las entidades sin \u00e1nimo de lucro, por la realizaci\u00f3n, dentro del programa de itinerarios integrados de inclusi\u00f3n sociolaboral, de programas espec\u00edficos de formaci\u00f3n y de acciones de apoyo al empleo en el \u00e1mbito laboral de la asistencia personal, con la finalidad de ampliar las oportunidades de empleabilidad de las personas con discapacidad, mediante la realizaci\u00f3n de un programa espec\u00edfico de formaci\u00f3n y acciones de apoyo para su contrataci\u00f3n en el \u00e1mbito laboral de la asistencia personal.<\/p>\n\n\n\n<ul class=\"wp-block-list\"><li>Extracto de la Resoluci\u00f3n 26 de mayo de 2021, de la Gerencia de Servicios Sociales de Castilla y Le\u00f3n<\/li><\/ul>\n\n\n\n<p><a href=\"https:\/\/bocyl.jcyl.es\/html\/2021\/06\/04\/html\/BOCYL-D-04062021-8.do\">https:\/\/bocyl.jcyl.es\/html\/2021\/06\/04\/html\/BOCYL-D-04062021-8.do<\/a><\/p>\n\n\n\n<ul class=\"wp-block-list\"><li>Tramitaci\u00f3n electr\u00f3nica<\/li><\/ul>\n\n\n\n<p><a href=\"https:\/\/www.tramitacastillayleon.jcyl.es\/web\/jcyl\/AdministracionElectronica\/es\/Plantilla100Detalle\/1251181050732\/Ayuda012\/1285062935344\/Propuesta\">https:\/\/www.tramitacastillayleon.jcyl.es\/web\/jcyl\/AdministracionElectronica\/es\/Plantilla100Detalle\/1251181050732\/Ayuda012\/1285062935344\/Propuesta<\/a><\/p>\n\n\n\n<p><\/p>\n","protected":false},"excerpt":{"rendered":"<p>Subvenciones, en r\u00e9gimen de concesi\u00f3n directa, y cofinanciadas por el Fondo Social Europeo (Programa Operativo 2014\/2020), para la financiaci\u00f3n de los gastos generados a las entidades para prestar los apoyos necesarios al desarrollo de la vida independiente de los participantes en los itinerarios personalizados de inserci\u00f3n sociolaboral para personas con discapacidad, con la finalidad de &hellip; <a href=\"https:\/\/grupodeenlace.cescyl.es\/?p=970\" class=\"more-link\">Continuar leyendo<span class=\"screen-reader-text\"> &#8220;Subvenciones destinadas a la financiaci\u00f3n del programa espec\u00edfico de viviendas y apoyos para la vida independiente ligados al desarrollo de itinerarios personalizados de inserci\u00f3n sociolaboral para personas con discapacidad.&#8221;<\/span><\/a><\/p>\n","protected":false},"author":2,"featured_media":0,"comment_status":"open","ping_status":"open","sticky":false,"template":"","format":"standard","meta":{"_s2mail":"","footnotes":""},"categories":[2],"tags":[],"class_list":["post-970","post","type-post","status-publish","format-standard","hentry","category-normativa"],"_links":{"self":[{"href":"https:\/\/grupodeenlace.cescyl.es\/index.php?rest_route=\/wp\/v2\/posts\/970","targetHints":{"allow":["GET"]}}],"collection":[{"href":"https:\/\/grupodeenlace.cescyl.es\/index.php?rest_route=\/wp\/v2\/posts"}],"about":[{"href":"https:\/\/grupodeenlace.cescyl.es\/index.php?rest_route=\/wp\/v2\/types\/post"}],"author":[{"embeddable":true,"href":"https:\/\/grupodeenlace.cescyl.es\/index.php?rest_route=\/wp\/v2\/users\/2"}],"replies":[{"embeddable":true,"href":"https:\/\/grupodeenlace.cescyl.es\/index.php?rest_route=%2Fwp%2Fv2%2Fcomments&post=970"}],"version-history":[{"count":1,"href":"https:\/\/grupodeenlace.cescyl.es\/index.php?rest_route=\/wp\/v2\/posts\/970\/revisions"}],"predecessor-version":[{"id":971,"href":"https:\/\/grupodeenlace.cescyl.es\/index.php?rest_route=\/wp\/v2\/posts\/970\/revisions\/971"}],"wp:attachment":[{"href":"https:\/\/grupodeenlace.cescyl.es\/index.php?rest_route=%2Fwp%2Fv2%2Fmedia&parent=970"}],"wp:term":[{"taxonomy":"category","embeddable":true,"href":"https:\/\/grupodeenlace.cescyl.es\/index.php?rest_route=%2Fwp%2Fv2%2Fcategories&post=970"},{"taxonomy":"post_tag","embeddable":true,"href":"https:\/\/grupodeenlace.cescyl.es\/index.php?rest_route=%2Fwp%2Fv2%2Ftags&post=970"}],"curies":[{"name":"wp","href":"https:\/\/api.w.org\/{rel}","templated":true}]}}