{"id":972,"date":"2021-06-07T14:48:22","date_gmt":"2021-06-07T12:48:22","guid":{"rendered":"http:\/\/grupodeenlace.cescyl.es\/?p=972"},"modified":"2021-06-07T19:44:58","modified_gmt":"2021-06-07T17:44:58","slug":"subvenciones-destinadas-a-la-conciliacion-de-la-vida-personal-familiar-y-laboral-en-castilla-y-leon-lineas-de-reduccion-de-jornada-laboral-y-excedencia","status":"publish","type":"post","link":"https:\/\/grupodeenlace.cescyl.es\/?p=972","title":{"rendered":"Subvenciones destinadas a la conciliaci\u00f3n de la vida personal, familiar y laboral en Castilla y Le\u00f3n: L\u00edneas de reducci\u00f3n de jornada laboral y excedencia."},"content":{"rendered":"\n<p><\/p>\n\n\n\n<p>Subvenciones para apoyar la conciliaci\u00f3n de la vida personal, familiar y laboral, facilitando la corresponsabilidad de las personas de la unidad familiar en el cuidado de menores y familiares, mediante el fomento del ejercicio del derecho de reducci\u00f3n de jornada y excedencia, a trav\u00e9s de una compensaci\u00f3n econ\u00f3mica por la p\u00e9rdida de ingresos de aquellas personas que realicen la actuaci\u00f3n subvencionable.<\/p>\n\n\n\n<p><\/p>\n\n\n\n<ul class=\"wp-block-list\"><li><strong>EXTRACTO<\/strong> de la Resoluci\u00f3n de 2 de junio de 2021, del Gerente de Servicios Sociales de Castilla y Le\u00f3n<\/li><\/ul>\n\n\n\n<p><a href=\"https:\/\/bocyl.jcyl.es\/boletines\/2021\/06\/07\/pdf\/BOCYL-D-07062021-9.pdf\">https:\/\/bocyl.jcyl.es\/boletines\/2021\/06\/07\/pdf\/BOCYL-D-07062021-9.pdf<\/a><\/p>\n\n\n\n<p><\/p>\n\n\n\n<p><strong>Tramitaci\u00f3n electr\u00f3nica:<\/strong><\/p>\n\n\n\n<ul class=\"wp-block-list\"><li>Subvenciones destinadas a la conciliaci\u00f3n de la vida personal, familiar y laboral: l\u00ednea de reducci\u00f3n de jornada (2021)<br>\u00a0<a href=\"https:\/\/www.tramitacastillayleon.jcyl.es\/web\/jcyl\/AdministracionElectronica\/es\/Plantilla100Detalle\/1251181050732\/Ayuda012\/1284951074634\/Propuesta\">https:\/\/www.tramitacastillayleon.jcyl.es\/web\/jcyl\/AdministracionElectronica\/es\/Plantilla100Detalle\/1251181050732\/Ayuda012\/1284951074634\/Propuesta<\/a><\/li><\/ul>\n\n\n\n<ul class=\"wp-block-list\"><li>Subvenciones destinadas a la conciliaci\u00f3n de la vida personal, familiar y laboral: l\u00ednea de excedencia (2021)<\/li><\/ul>\n\n\n\n<p><a href=\"https:\/\/www.tramitacastillayleon.jcyl.es\/web\/jcyl\/AdministracionElectronica\/es\/Plantilla100Detalle\/1251181050732\/Ayuda012\/1284764156192\/Propuesta\">https:\/\/www.tramitacastillayleon.jcyl.es\/web\/jcyl\/AdministracionElectronica\/es\/Plantilla100Detalle\/1251181050732\/Ayuda012\/1284764156192\/Propuesta<\/a><\/p>\n","protected":false},"excerpt":{"rendered":"<p>Subvenciones para apoyar la conciliaci\u00f3n de la vida personal, familiar y laboral, facilitando la corresponsabilidad de las personas de la unidad familiar en el cuidado de menores y familiares, mediante el fomento del ejercicio del derecho de reducci\u00f3n de jornada y excedencia, a trav\u00e9s de una compensaci\u00f3n econ\u00f3mica por la p\u00e9rdida de ingresos de aquellas &hellip; <a href=\"https:\/\/grupodeenlace.cescyl.es\/?p=972\" class=\"more-link\">Continuar leyendo<span class=\"screen-reader-text\"> &#8220;Subvenciones destinadas a la conciliaci\u00f3n de la vida personal, familiar y laboral en Castilla y Le\u00f3n: L\u00edneas de reducci\u00f3n de jornada laboral y excedencia.&#8221;<\/span><\/a><\/p>\n","protected":false},"author":2,"featured_media":0,"comment_status":"open","ping_status":"open","sticky":false,"template":"","format":"standard","meta":{"_s2mail":"","footnotes":""},"categories":[2],"tags":[],"class_list":["post-972","post","type-post","status-publish","format-standard","hentry","category-normativa"],"_links":{"self":[{"href":"https:\/\/grupodeenlace.cescyl.es\/index.php?rest_route=\/wp\/v2\/posts\/972","targetHints":{"allow":["GET"]}}],"collection":[{"href":"https:\/\/grupodeenlace.cescyl.es\/index.php?rest_route=\/wp\/v2\/posts"}],"about":[{"href":"https:\/\/grupodeenlace.cescyl.es\/index.php?rest_route=\/wp\/v2\/types\/post"}],"author":[{"embeddable":true,"href":"https:\/\/grupodeenlace.cescyl.es\/index.php?rest_route=\/wp\/v2\/users\/2"}],"replies":[{"embeddable":true,"href":"https:\/\/grupodeenlace.cescyl.es\/index.php?rest_route=%2Fwp%2Fv2%2Fcomments&post=972"}],"version-history":[{"count":1,"href":"https:\/\/grupodeenlace.cescyl.es\/index.php?rest_route=\/wp\/v2\/posts\/972\/revisions"}],"predecessor-version":[{"id":973,"href":"https:\/\/grupodeenlace.cescyl.es\/index.php?rest_route=\/wp\/v2\/posts\/972\/revisions\/973"}],"wp:attachment":[{"href":"https:\/\/grupodeenlace.cescyl.es\/index.php?rest_route=%2Fwp%2Fv2%2Fmedia&parent=972"}],"wp:term":[{"taxonomy":"category","embeddable":true,"href":"https:\/\/grupodeenlace.cescyl.es\/index.php?rest_route=%2Fwp%2Fv2%2Fcategories&post=972"},{"taxonomy":"post_tag","embeddable":true,"href":"https:\/\/grupodeenlace.cescyl.es\/index.php?rest_route=%2Fwp%2Fv2%2Ftags&post=972"}],"curies":[{"name":"wp","href":"https:\/\/api.w.org\/{rel}","templated":true}]}}