{"id":974,"date":"2021-06-09T09:46:17","date_gmt":"2021-06-09T07:46:17","guid":{"rendered":"http:\/\/grupodeenlace.cescyl.es\/?p=974"},"modified":"2021-06-10T10:44:29","modified_gmt":"2021-06-10T08:44:29","slug":"subvenciones-para-el-desarrollo-de-proyectos-para-la-pre-capacitacion-e-insercion-laboral-de-mujeres-en-situacion-de-especial-vulnerabilidad","status":"publish","type":"post","link":"https:\/\/grupodeenlace.cescyl.es\/?p=974","title":{"rendered":"Subvenciones para el desarrollo de proyectos para la pre capacitaci\u00f3n e inserci\u00f3n laboral de mujeres en situaci\u00f3n de especial vulnerabilidad."},"content":{"rendered":"\n<p><\/p>\n\n\n\n<p class=\"has-text-align-left\">Subvenciones en r\u00e9gimen de concurrencia competitiva cofinanciadas por el Fondo Social Europeo (Programa Operativo 2014-2020), con una tasa de cofinanciaci\u00f3n del 50%, para el desarrollo de proyectos dentro del programa de pre capacitaci\u00f3n e inserci\u00f3n laboral de mujeres en situaci\u00f3n de especial vulnerabilidad, en el \u00e1mbito de Castilla y Le\u00f3n, con la finalidad de lograr la inclusi\u00f3n social y laboral de mujeres en situaci\u00f3n de especial vulnerabilidad en el \u00e1mbito de Castilla y Le\u00f3n, fomentando que al menos 990 participantes mejoren su situaci\u00f3n personal o laboral, conforme a lo establecido en el Objetivo espec\u00edfico 9.3.1 del Programa Operativo 2014- 2020, a trav\u00e9s de proyectos que se encuadren dentro de las l\u00edneas program\u00e1ticas establecidas.<\/p>\n\n\n\n<p><\/p>\n\n\n\n<ul class=\"wp-block-list\"><li><strong>EXTRACTO de la Resoluci\u00f3n de 2 de junio de 2021<\/strong><strong><\/strong><\/li><\/ul>\n\n\n\n<p><a href=\"https:\/\/bocyl.jcyl.es\/boletines\/2021\/06\/08\/pdf\/BOCYL-D-08062021-4.pdf\">https:\/\/bocyl.jcyl.es\/boletines\/2021\/06\/08\/pdf\/BOCYL-D-08062021-4.pdf<\/a><\/p>\n\n\n\n<p><\/p>\n\n\n\n<ul class=\"wp-block-list\"><li><strong>Tramitaci\u00f3n electr\u00f3nica:<\/strong><\/li><\/ul>\n\n\n\n<p><a href=\"https:\/\/www.tramitacastillayleon.jcyl.es\/web\/jcyl\/AdministracionElectronica\/es\/Plantilla100Detalle\/1251181050732\/Ayuda012\/1285064086691\/Propuesta?utm_source=alertascontenidos&amp;utm_medium=mail&amp;utm_campaign=Ayuda\">https:\/\/www.tramitacastillayleon.jcyl.es\/web\/jcyl\/AdministracionElectronica\/es\/Plantilla100Detalle\/1251181050732\/Ayuda012\/1285064086691\/Propuesta?utm_source=alertascontenidos&amp;utm_medium=mail&amp;utm_campaign=Ayuda<\/a><\/p>\n\n\n\n<p><\/p>\n","protected":false},"excerpt":{"rendered":"<p>Subvenciones en r\u00e9gimen de concurrencia competitiva cofinanciadas por el Fondo Social Europeo (Programa Operativo 2014-2020), con una tasa de cofinanciaci\u00f3n del 50%, para el desarrollo de proyectos dentro del programa de pre capacitaci\u00f3n e inserci\u00f3n laboral de mujeres en situaci\u00f3n de especial vulnerabilidad, en el \u00e1mbito de Castilla y Le\u00f3n, con la finalidad de lograr &hellip; <a href=\"https:\/\/grupodeenlace.cescyl.es\/?p=974\" class=\"more-link\">Continuar leyendo<span class=\"screen-reader-text\"> &#8220;Subvenciones para el desarrollo de proyectos para la pre capacitaci\u00f3n e inserci\u00f3n laboral de mujeres en situaci\u00f3n de especial vulnerabilidad.&#8221;<\/span><\/a><\/p>\n","protected":false},"author":2,"featured_media":0,"comment_status":"open","ping_status":"open","sticky":false,"template":"","format":"standard","meta":{"_s2mail":"","footnotes":""},"categories":[2],"tags":[],"class_list":["post-974","post","type-post","status-publish","format-standard","hentry","category-normativa"],"_links":{"self":[{"href":"https:\/\/grupodeenlace.cescyl.es\/index.php?rest_route=\/wp\/v2\/posts\/974","targetHints":{"allow":["GET"]}}],"collection":[{"href":"https:\/\/grupodeenlace.cescyl.es\/index.php?rest_route=\/wp\/v2\/posts"}],"about":[{"href":"https:\/\/grupodeenlace.cescyl.es\/index.php?rest_route=\/wp\/v2\/types\/post"}],"author":[{"embeddable":true,"href":"https:\/\/grupodeenlace.cescyl.es\/index.php?rest_route=\/wp\/v2\/users\/2"}],"replies":[{"embeddable":true,"href":"https:\/\/grupodeenlace.cescyl.es\/index.php?rest_route=%2Fwp%2Fv2%2Fcomments&post=974"}],"version-history":[{"count":2,"href":"https:\/\/grupodeenlace.cescyl.es\/index.php?rest_route=\/wp\/v2\/posts\/974\/revisions"}],"predecessor-version":[{"id":976,"href":"https:\/\/grupodeenlace.cescyl.es\/index.php?rest_route=\/wp\/v2\/posts\/974\/revisions\/976"}],"wp:attachment":[{"href":"https:\/\/grupodeenlace.cescyl.es\/index.php?rest_route=%2Fwp%2Fv2%2Fmedia&parent=974"}],"wp:term":[{"taxonomy":"category","embeddable":true,"href":"https:\/\/grupodeenlace.cescyl.es\/index.php?rest_route=%2Fwp%2Fv2%2Fcategories&post=974"},{"taxonomy":"post_tag","embeddable":true,"href":"https:\/\/grupodeenlace.cescyl.es\/index.php?rest_route=%2Fwp%2Fv2%2Ftags&post=974"}],"curies":[{"name":"wp","href":"https:\/\/api.w.org\/{rel}","templated":true}]}}