{"id":978,"date":"2021-06-14T13:17:15","date_gmt":"2021-06-14T11:17:15","guid":{"rendered":"http:\/\/grupodeenlace.cescyl.es\/?p=978"},"modified":"2021-06-14T13:27:04","modified_gmt":"2021-06-14T11:27:04","slug":"subvenciones-para-fomentar-la-igualdad-de-oportunidades-entre-mujeres-y-hombres-en-el-ambito-laboral-y-la-conciliacion-de-la-vida-personal-familiar-y-laboral-programa-io-empresas","status":"publish","type":"post","link":"https:\/\/grupodeenlace.cescyl.es\/?p=978","title":{"rendered":"Subvenciones para fomentar la igualdad de oportunidades entre mujeres y hombres en el \u00e1mbito laboral y la conciliaci\u00f3n de la vida personal, familiar y laboral (Programa IO empresas)"},"content":{"rendered":"\n<p><\/p>\n\n\n\n<p>Subvenciones, cofinanciadas por el Fondo Social Europeo (Programa Operativo 2014-2020) con una tasa de cofinanciaci\u00f3n del 50%, en r\u00e9gimen de concurrencia competitiva, dirigidas a fomentar la implantaci\u00f3n de medidas de acci\u00f3n positiva que favorezcan la igualdad entre mujeres y hombres en el \u00e1mbito laboral y de la conciliaci\u00f3n de la vida personal, familiar y laboral en Castilla y Le\u00f3n, fomentando que, al menos 20 empresas, entidades sin \u00e1nimo de lucro, comunidades de bienes o personas f\u00edsicas empleadoras con sede en Castilla y Le\u00f3n, conforme a lo establecido en el objetivo espec\u00edfico 8.4.2 del Programa Operativo FSE C.A. Castilla y Le\u00f3n, pongan en pr\u00e1ctica acciones positivas de igualdad y\/o conciliaci\u00f3n, en los tipos de acciones subvencionables.<\/p>\n\n\n\n<p><\/p>\n\n\n\n<p>E<strong>XTRACTO de la Resoluci\u00f3n de 9 de junio de 2021, de la Gerencia de Servicios Sociales de Castilla y Le\u00f3n:<\/strong><\/p>\n\n\n\n<p><a href=\"https:\/\/bocyl.jcyl.es\/boletines\/2021\/06\/14\/pdf\/BOCYL-D-14062021-6.pdf\">https:\/\/bocyl.jcyl.es\/boletines\/2021\/06\/14\/pdf\/BOCYL-D-14062021-6.pdf<\/a><\/p>\n\n\n\n<p><\/p>\n\n\n\n<ul class=\"wp-block-list\"><li><strong>Tramitaci\u00f3n electr\u00f3nica:<\/strong><\/li><\/ul>\n\n\n\n<p><a href=\"https:\/\/www.tramitacastillayleon.jcyl.es\/web\/jcyl\/AdministracionElectronica\/es\/Plantilla100Detalle\/1251181050732\/Ayuda012\/1285066086685\/Propuesta\">https:\/\/www.tramitacastillayleon.jcyl.es\/web\/jcyl\/AdministracionElectronica\/es\/Plantilla100Detalle\/1251181050732\/Ayuda012\/1285066086685\/Propuesta<\/a><\/p>\n","protected":false},"excerpt":{"rendered":"<p>Subvenciones, cofinanciadas por el Fondo Social Europeo (Programa Operativo 2014-2020) con una tasa de cofinanciaci\u00f3n del 50%, en r\u00e9gimen de concurrencia competitiva, dirigidas a fomentar la implantaci\u00f3n de medidas de acci\u00f3n positiva que favorezcan la igualdad entre mujeres y hombres en el \u00e1mbito laboral y de la conciliaci\u00f3n de la vida personal, familiar y laboral &hellip; <a href=\"https:\/\/grupodeenlace.cescyl.es\/?p=978\" class=\"more-link\">Continuar leyendo<span class=\"screen-reader-text\"> &#8220;Subvenciones para fomentar la igualdad de oportunidades entre mujeres y hombres en el \u00e1mbito laboral y la conciliaci\u00f3n de la vida personal, familiar y laboral (Programa IO empresas)&#8221;<\/span><\/a><\/p>\n","protected":false},"author":2,"featured_media":0,"comment_status":"open","ping_status":"open","sticky":false,"template":"","format":"standard","meta":{"_s2mail":"","footnotes":""},"categories":[2],"tags":[],"class_list":["post-978","post","type-post","status-publish","format-standard","hentry","category-normativa"],"_links":{"self":[{"href":"https:\/\/grupodeenlace.cescyl.es\/index.php?rest_route=\/wp\/v2\/posts\/978","targetHints":{"allow":["GET"]}}],"collection":[{"href":"https:\/\/grupodeenlace.cescyl.es\/index.php?rest_route=\/wp\/v2\/posts"}],"about":[{"href":"https:\/\/grupodeenlace.cescyl.es\/index.php?rest_route=\/wp\/v2\/types\/post"}],"author":[{"embeddable":true,"href":"https:\/\/grupodeenlace.cescyl.es\/index.php?rest_route=\/wp\/v2\/users\/2"}],"replies":[{"embeddable":true,"href":"https:\/\/grupodeenlace.cescyl.es\/index.php?rest_route=%2Fwp%2Fv2%2Fcomments&post=978"}],"version-history":[{"count":1,"href":"https:\/\/grupodeenlace.cescyl.es\/index.php?rest_route=\/wp\/v2\/posts\/978\/revisions"}],"predecessor-version":[{"id":979,"href":"https:\/\/grupodeenlace.cescyl.es\/index.php?rest_route=\/wp\/v2\/posts\/978\/revisions\/979"}],"wp:attachment":[{"href":"https:\/\/grupodeenlace.cescyl.es\/index.php?rest_route=%2Fwp%2Fv2%2Fmedia&parent=978"}],"wp:term":[{"taxonomy":"category","embeddable":true,"href":"https:\/\/grupodeenlace.cescyl.es\/index.php?rest_route=%2Fwp%2Fv2%2Fcategories&post=978"},{"taxonomy":"post_tag","embeddable":true,"href":"https:\/\/grupodeenlace.cescyl.es\/index.php?rest_route=%2Fwp%2Fv2%2Ftags&post=978"}],"curies":[{"name":"wp","href":"https:\/\/api.w.org\/{rel}","templated":true}]}}