{"id":985,"date":"2021-06-16T10:46:24","date_gmt":"2021-06-16T08:46:24","guid":{"rendered":"http:\/\/grupodeenlace.cescyl.es\/?p=985"},"modified":"2021-06-16T10:53:40","modified_gmt":"2021-06-16T08:53:40","slug":"refuerzo-del-servicio-de-ayuda-a-domicilio-y-la-mejora-en-la-atencion-a-las-personas-con-dependencia","status":"publish","type":"post","link":"https:\/\/grupodeenlace.cescyl.es\/?p=985","title":{"rendered":"Refuerzo del servicio de ayuda a domicilio y la mejora en la atenci\u00f3n a las personas con dependencia"},"content":{"rendered":"\n<p><\/p>\n\n\n\n<p>El BOCyL de 15 de junio de 2021 publica la Orden FAM\/727\/2021, de 10 de junio, por la que se modifica la Orden FAM\/6\/2018, de 11 de enero, por la que se regulan las prestaciones del Sistema para la Autonom\u00eda y Atenci\u00f3n a la Dependencia en Castilla y Le\u00f3n, el c\u00e1lculo de la capacidad econ\u00f3mica y las medidas de apoyo a las personas cuidadoras no profesionales.<em><\/em><\/p>\n\n\n\n<p>La presente orden hace efectivos dos de los acuerdos suscritos en el Di\u00e1logo Social: el incremento de las horas de ayuda a domicilio y la reducci\u00f3n a dos meses para el reconocimiento del derecho desde la presentaci\u00f3n de la solicitud.<\/p>\n\n\n\n<p><\/p>\n\n\n\n<ul class=\"wp-block-list\"><li><strong>Orden FAM\/727\/2021, de 10 de junio, por la que se modifica la Orden FAM\/6\/2018, de 11 de enero.<\/strong><\/li><\/ul>\n\n\n\n<p><a href=\"https:\/\/bocyl.jcyl.es\/html\/2021\/06\/15\/html\/BOCYL-D-15062021-1.do\">https:\/\/bocyl.jcyl.es\/html\/2021\/06\/15\/html\/BOCYL-D-15062021-1.do<\/a><\/p>\n","protected":false},"excerpt":{"rendered":"<p>El BOCyL de 15 de junio de 2021 publica la Orden FAM\/727\/2021, de 10 de junio, por la que se modifica la Orden FAM\/6\/2018, de 11 de enero, por la que se regulan las prestaciones del Sistema para la Autonom\u00eda y Atenci\u00f3n a la Dependencia en Castilla y Le\u00f3n, el c\u00e1lculo de la capacidad econ\u00f3mica &hellip; <a href=\"https:\/\/grupodeenlace.cescyl.es\/?p=985\" class=\"more-link\">Continuar leyendo<span class=\"screen-reader-text\"> &#8220;Refuerzo del servicio de ayuda a domicilio y la mejora en la atenci\u00f3n a las personas con dependencia&#8221;<\/span><\/a><\/p>\n","protected":false},"author":2,"featured_media":0,"comment_status":"open","ping_status":"open","sticky":false,"template":"","format":"standard","meta":{"_s2mail":"yes","footnotes":""},"categories":[2],"tags":[],"class_list":["post-985","post","type-post","status-publish","format-standard","hentry","category-normativa"],"_links":{"self":[{"href":"https:\/\/grupodeenlace.cescyl.es\/index.php?rest_route=\/wp\/v2\/posts\/985","targetHints":{"allow":["GET"]}}],"collection":[{"href":"https:\/\/grupodeenlace.cescyl.es\/index.php?rest_route=\/wp\/v2\/posts"}],"about":[{"href":"https:\/\/grupodeenlace.cescyl.es\/index.php?rest_route=\/wp\/v2\/types\/post"}],"author":[{"embeddable":true,"href":"https:\/\/grupodeenlace.cescyl.es\/index.php?rest_route=\/wp\/v2\/users\/2"}],"replies":[{"embeddable":true,"href":"https:\/\/grupodeenlace.cescyl.es\/index.php?rest_route=%2Fwp%2Fv2%2Fcomments&post=985"}],"version-history":[{"count":1,"href":"https:\/\/grupodeenlace.cescyl.es\/index.php?rest_route=\/wp\/v2\/posts\/985\/revisions"}],"predecessor-version":[{"id":986,"href":"https:\/\/grupodeenlace.cescyl.es\/index.php?rest_route=\/wp\/v2\/posts\/985\/revisions\/986"}],"wp:attachment":[{"href":"https:\/\/grupodeenlace.cescyl.es\/index.php?rest_route=%2Fwp%2Fv2%2Fmedia&parent=985"}],"wp:term":[{"taxonomy":"category","embeddable":true,"href":"https:\/\/grupodeenlace.cescyl.es\/index.php?rest_route=%2Fwp%2Fv2%2Fcategories&post=985"},{"taxonomy":"post_tag","embeddable":true,"href":"https:\/\/grupodeenlace.cescyl.es\/index.php?rest_route=%2Fwp%2Fv2%2Ftags&post=985"}],"curies":[{"name":"wp","href":"https:\/\/api.w.org\/{rel}","templated":true}]}}