{"id":987,"date":"2021-06-21T14:45:33","date_gmt":"2021-06-21T12:45:33","guid":{"rendered":"http:\/\/grupodeenlace.cescyl.es\/?p=987"},"modified":"2021-06-21T15:30:55","modified_gmt":"2021-06-21T13:30:55","slug":"resolucion-del-consejo-economico-y-social-la-participacion-del-consejo-economico-y-social-en-la-definicion-el-avance-y-la-evaluacion-del-desarrollo-autonomico-del-plan-de-recuperacion-trans","status":"publish","type":"post","link":"https:\/\/grupodeenlace.cescyl.es\/?p=987","title":{"rendered":"Resoluci\u00f3n del Consejo Econ\u00f3mico y Social \u201cLa participaci\u00f3n del Consejo Econ\u00f3mico y Social en la definici\u00f3n, el avance y la evaluaci\u00f3n del desarrollo auton\u00f3mico del Plan de Recuperaci\u00f3n, Transformaci\u00f3n y Resiliencia por la crisis del coronavirus\u201d"},"content":{"rendered":"\n<p>En el Pleno del Consejo Econ\u00f3mico y Social de Castilla y Le\u00f3n de 17 de junio de 2021 se aprob\u00f3 la Resoluci\u00f3n del Consejo Econ\u00f3mico y Social \u201cLa participaci\u00f3n del Consejo Econ\u00f3mico y Social en la definici\u00f3n, el avance y la evaluaci\u00f3n del desarrollo auton\u00f3mico del Plan de Recuperaci\u00f3n, Transformaci\u00f3n y Resiliencia por la crisis del coronavirus\u201d<\/p>\n\n\n\n<figure class=\"wp-block-image size-large is-resized\"><img loading=\"lazy\" decoding=\"async\" src=\"https:\/\/grupodeenlace.cescyl.es\/wp-content\/uploads\/2021\/06\/image-1.png\" alt=\"\" class=\"wp-image-989\" width=\"487\" height=\"666\" srcset=\"https:\/\/grupodeenlace.cescyl.es\/wp-content\/uploads\/2021\/06\/image-1.png 428w, https:\/\/grupodeenlace.cescyl.es\/wp-content\/uploads\/2021\/06\/image-1-219x300.png 219w\" sizes=\"auto, (max-width: 487px) 85vw, 487px\" \/><\/figure>\n\n\n\n<p><strong>Resoluci\u00f3n:<\/strong> <a href=\"https:\/\/www.cescyl.es\/es\/publicaciones\/informes-previos\/resolucion-consejo-economico-social-castilla-leon-participa\">https:\/\/www.cescyl.es\/es\/publicaciones\/informes-previos\/resolucion-consejo-economico-social-castilla-leon-participa<\/a><\/p>\n\n\n\n<p><\/p>\n\n\n\n<p><strong>Informe Previo sobre el Proyecto de Decreto sobre mercados de productos agrarios en origen, lonjas y mesas de precios de Castilla y Le\u00f3n.<\/strong><\/p>\n\n\n\n<p>En el Pleno del Consejo Econ\u00f3mico y Social de Castilla y Le\u00f3n de 17 de junio de 2021 se aprob\u00f3 el Informe Previo sobre el Proyecto de Decreto sobre mercados de productos agrarios en origen, lonjas y mesas de precios de Castilla y Le\u00f3n.<\/p>\n\n\n\n<figure class=\"wp-block-image size-large\"><img loading=\"lazy\" decoding=\"async\" width=\"422\" height=\"587\" src=\"https:\/\/grupodeenlace.cescyl.es\/wp-content\/uploads\/2021\/06\/image-2.png\" alt=\"\" class=\"wp-image-990\" srcset=\"https:\/\/grupodeenlace.cescyl.es\/wp-content\/uploads\/2021\/06\/image-2.png 422w, https:\/\/grupodeenlace.cescyl.es\/wp-content\/uploads\/2021\/06\/image-2-216x300.png 216w\" sizes=\"auto, (max-width: 422px) 85vw, 422px\" \/><\/figure>\n\n\n\n<p><strong>Informe:<\/strong> <a href=\"https:\/\/www.cescyl.es\/es\/publicaciones\/informes-previos\/informe-previo-proyecto-decreto-mercados-productos-agrarios\">https:\/\/www.cescyl.es\/es\/publicaciones\/informes-previos\/informe-previo-proyecto-decreto-mercados-productos-agrarios<\/a><\/p>\n\n\n\n<p><\/p>\n\n\n\n<p><strong>Informe Previo sobre la Propuesta de Estrategia de econom\u00eda circular de Castilla y Le\u00f3n 2021-2030.<\/strong><\/p>\n\n\n\n<p>En el Pleno del Consejo Econ\u00f3mico y Social de Castilla y Le\u00f3n de 17 de junio de 2021 se aprob\u00f3 el Informe Previo sobre la Propuesta de Estrategia de econom\u00eda circular de Castilla y Le\u00f3n 2021-2030.<\/p>\n\n\n\n<figure class=\"wp-block-image size-large\"><img loading=\"lazy\" decoding=\"async\" width=\"413\" height=\"578\" src=\"https:\/\/grupodeenlace.cescyl.es\/wp-content\/uploads\/2021\/06\/image-4.png\" alt=\"\" class=\"wp-image-992\" srcset=\"https:\/\/grupodeenlace.cescyl.es\/wp-content\/uploads\/2021\/06\/image-4.png 413w, https:\/\/grupodeenlace.cescyl.es\/wp-content\/uploads\/2021\/06\/image-4-214x300.png 214w\" sizes=\"auto, (max-width: 413px) 85vw, 413px\" \/><\/figure>\n\n\n\n<p><\/p>\n\n\n\n<p><strong>Informe:<\/strong> <a href=\"https:\/\/www.cescyl.es\/es\/publicaciones\/informes-previos\/informe-previo-propuesta-estrategia-economia-circular-casti\">https:\/\/www.cescyl.es\/es\/publicaciones\/informes-previos\/informe-previo-propuesta-estrategia-economia-circular-casti<\/a><\/p>\n\n\n\n<p><\/p>\n\n\n\n<p><\/p>\n\n\n\n<figure class=\"wp-block-image size-large\"><img decoding=\"async\" src=\"https:\/\/grupodeenlace.cescyl.es\/bf7fa43b-e473-49c9-bf8b-ad9d6ee9eaee\" alt=\"\"\/><\/figure>\n","protected":false},"excerpt":{"rendered":"<p>En el Pleno del Consejo Econ\u00f3mico y Social de Castilla y Le\u00f3n de 17 de junio de 2021 se aprob\u00f3 la Resoluci\u00f3n del Consejo Econ\u00f3mico y Social \u201cLa participaci\u00f3n del Consejo Econ\u00f3mico y Social en la definici\u00f3n, el avance y la evaluaci\u00f3n del desarrollo auton\u00f3mico del Plan de Recuperaci\u00f3n, Transformaci\u00f3n y Resiliencia por la crisis &hellip; <a href=\"https:\/\/grupodeenlace.cescyl.es\/?p=987\" class=\"more-link\">Continuar leyendo<span class=\"screen-reader-text\"> &#8220;Resoluci\u00f3n del Consejo Econ\u00f3mico y Social \u201cLa participaci\u00f3n del Consejo Econ\u00f3mico y Social en la definici\u00f3n, el avance y la evaluaci\u00f3n del desarrollo auton\u00f3mico del Plan de Recuperaci\u00f3n, Transformaci\u00f3n y Resiliencia por la crisis del coronavirus\u201d&#8221;<\/span><\/a><\/p>\n","protected":false},"author":2,"featured_media":0,"comment_status":"open","ping_status":"open","sticky":false,"template":"","format":"standard","meta":{"_s2mail":"","footnotes":""},"categories":[3],"tags":[],"class_list":["post-987","post","type-post","status-publish","format-standard","hentry","category-informacion-y-publicaciones-ces"],"_links":{"self":[{"href":"https:\/\/grupodeenlace.cescyl.es\/index.php?rest_route=\/wp\/v2\/posts\/987","targetHints":{"allow":["GET"]}}],"collection":[{"href":"https:\/\/grupodeenlace.cescyl.es\/index.php?rest_route=\/wp\/v2\/posts"}],"about":[{"href":"https:\/\/grupodeenlace.cescyl.es\/index.php?rest_route=\/wp\/v2\/types\/post"}],"author":[{"embeddable":true,"href":"https:\/\/grupodeenlace.cescyl.es\/index.php?rest_route=\/wp\/v2\/users\/2"}],"replies":[{"embeddable":true,"href":"https:\/\/grupodeenlace.cescyl.es\/index.php?rest_route=%2Fwp%2Fv2%2Fcomments&post=987"}],"version-history":[{"count":3,"href":"https:\/\/grupodeenlace.cescyl.es\/index.php?rest_route=\/wp\/v2\/posts\/987\/revisions"}],"predecessor-version":[{"id":996,"href":"https:\/\/grupodeenlace.cescyl.es\/index.php?rest_route=\/wp\/v2\/posts\/987\/revisions\/996"}],"wp:attachment":[{"href":"https:\/\/grupodeenlace.cescyl.es\/index.php?rest_route=%2Fwp%2Fv2%2Fmedia&parent=987"}],"wp:term":[{"taxonomy":"category","embeddable":true,"href":"https:\/\/grupodeenlace.cescyl.es\/index.php?rest_route=%2Fwp%2Fv2%2Fcategories&post=987"},{"taxonomy":"post_tag","embeddable":true,"href":"https:\/\/grupodeenlace.cescyl.es\/index.php?rest_route=%2Fwp%2Fv2%2Ftags&post=987"}],"curies":[{"name":"wp","href":"https:\/\/api.w.org\/{rel}","templated":true}]}}