{"id":998,"date":"2021-06-22T09:12:00","date_gmt":"2021-06-22T07:12:00","guid":{"rendered":"http:\/\/grupodeenlace.cescyl.es\/?p=998"},"modified":"2021-06-22T09:21:12","modified_gmt":"2021-06-22T07:21:12","slug":"seminario-sobre-la-importancia-de-la-carta-social-europea-revisada-eapn-es-y-cermi-estatal","status":"publish","type":"post","link":"https:\/\/grupodeenlace.cescyl.es\/?p=998","title":{"rendered":"Seminario sobre la importancia de la Carta Social Europea revisada (EAPN-ES y Cermi Estatal)"},"content":{"rendered":"\n<p><\/p>\n\n\n\n<p>El d\u00eda 1 de Julio de 2021 en horario de 10:00h a 13:30h se celebra el Webinar &#8216;La Carta Social Europea revisada, m\u00e1s y mejores derechos sociales&#8217;, que organizan EAPN-ES y el CERMI Estatal.<\/p>\n\n\n\n<p>En esta jornada se analizar\u00e1 la Carta Social Europea revisada, recientemente ratificada por Espa\u00f1a, como un instrumento de capital importancia en materia de derechos en el entorno laboral y social, por lo que su incorporaci\u00f3n a nuestro ordenamiento jur\u00eddico es fundamental, ya que va a ser la base jur\u00eddica desde la que se mejore la aplicaci\u00f3n de derechos sociales vinculados con aspectos cruciales para la vida de una persona como la dignidad en el trabajo, la protecci\u00f3n de las personas trabajadoras, el derecho a la igualdad de oportunidades, la protecci\u00f3n contra la pobreza y la exclusi\u00f3n social, entre otras.<\/p>\n\n\n\n<figure class=\"wp-block-image size-large\"><img loading=\"lazy\" decoding=\"async\" width=\"848\" height=\"378\" src=\"https:\/\/grupodeenlace.cescyl.es\/wp-content\/uploads\/2021\/06\/image-5.png\" alt=\"\" class=\"wp-image-999\" srcset=\"https:\/\/grupodeenlace.cescyl.es\/wp-content\/uploads\/2021\/06\/image-5.png 848w, https:\/\/grupodeenlace.cescyl.es\/wp-content\/uploads\/2021\/06\/image-5-300x134.png 300w, https:\/\/grupodeenlace.cescyl.es\/wp-content\/uploads\/2021\/06\/image-5-768x342.png 768w\" sizes=\"auto, (max-width: 709px) 85vw, (max-width: 909px) 67vw, (max-width: 1362px) 62vw, 840px\" \/><\/figure>\n\n\n\n<p><\/p>\n\n\n\n<p>Programa: <a href=\"https:\/\/bit.ly\/3xJcekG\">https:\/\/bit.ly\/3xJcekG<\/a><\/p>\n\n\n\n<p>Inscripci\u00f3n: <a href=\"https:\/\/forms.gle\/WpPgnEAfmP46fPc18\">https:\/\/forms.gle\/WpPgnEAfmP46fPc18<\/a><\/p>\n","protected":false},"excerpt":{"rendered":"<p>El d\u00eda 1 de Julio de 2021 en horario de 10:00h a 13:30h se celebra el Webinar &#8216;La Carta Social Europea revisada, m\u00e1s y mejores derechos sociales&#8217;, que organizan EAPN-ES y el CERMI Estatal. En esta jornada se analizar\u00e1 la Carta Social Europea revisada, recientemente ratificada por Espa\u00f1a, como un instrumento de capital importancia en &hellip; <a href=\"https:\/\/grupodeenlace.cescyl.es\/?p=998\" class=\"more-link\">Continuar leyendo<span class=\"screen-reader-text\"> &#8220;Seminario sobre la importancia de la Carta Social Europea revisada (EAPN-ES y Cermi Estatal)&#8221;<\/span><\/a><\/p>\n","protected":false},"author":2,"featured_media":0,"comment_status":"open","ping_status":"open","sticky":false,"template":"","format":"standard","meta":{"_s2mail":"","footnotes":""},"categories":[10],"tags":[],"class_list":["post-998","post","type-post","status-publish","format-standard","hentry","category-noticias-de-los-miembros-del-grupo"],"_links":{"self":[{"href":"https:\/\/grupodeenlace.cescyl.es\/index.php?rest_route=\/wp\/v2\/posts\/998","targetHints":{"allow":["GET"]}}],"collection":[{"href":"https:\/\/grupodeenlace.cescyl.es\/index.php?rest_route=\/wp\/v2\/posts"}],"about":[{"href":"https:\/\/grupodeenlace.cescyl.es\/index.php?rest_route=\/wp\/v2\/types\/post"}],"author":[{"embeddable":true,"href":"https:\/\/grupodeenlace.cescyl.es\/index.php?rest_route=\/wp\/v2\/users\/2"}],"replies":[{"embeddable":true,"href":"https:\/\/grupodeenlace.cescyl.es\/index.php?rest_route=%2Fwp%2Fv2%2Fcomments&post=998"}],"version-history":[{"count":1,"href":"https:\/\/grupodeenlace.cescyl.es\/index.php?rest_route=\/wp\/v2\/posts\/998\/revisions"}],"predecessor-version":[{"id":1000,"href":"https:\/\/grupodeenlace.cescyl.es\/index.php?rest_route=\/wp\/v2\/posts\/998\/revisions\/1000"}],"wp:attachment":[{"href":"https:\/\/grupodeenlace.cescyl.es\/index.php?rest_route=%2Fwp%2Fv2%2Fmedia&parent=998"}],"wp:term":[{"taxonomy":"category","embeddable":true,"href":"https:\/\/grupodeenlace.cescyl.es\/index.php?rest_route=%2Fwp%2Fv2%2Fcategories&post=998"},{"taxonomy":"post_tag","embeddable":true,"href":"https:\/\/grupodeenlace.cescyl.es\/index.php?rest_route=%2Fwp%2Fv2%2Ftags&post=998"}],"curies":[{"name":"wp","href":"https:\/\/api.w.org\/{rel}","templated":true}]}}